{"id":13450,"date":"2026-09-01T08:00:00","date_gmt":"2026-09-01T06:00:00","guid":{"rendered":"https:\/\/driversfirst.eu\/news\/simdi-faaliyete-gecti-dinlenme-sureleri-boyunca-hizmet-malmo-ve-eskilstunada-mevcut\/"},"modified":"2026-09-01T11:25:21","modified_gmt":"2026-09-01T09:25:21","slug":"simdi-faaliyete-gecti-dinlenme-sureleri-boyunca-hizmet-malmo-ve-eskilstunada-mevcut","status":"publish","type":"post","link":"https:\/\/driversfirst.eu\/tr\/news\/simdi-faaliyete-gecti-dinlenme-sureleri-boyunca-hizmet-malmo-ve-eskilstunada-mevcut\/","title":{"rendered":"\u015eimdi faaliyete ge\u00e7ti: Dinlenme s\u00fcreleri boyunca hizmet Malm\u00f6 ve Eskilstuna&#8217;da mevcut."},"content":{"rendered":"\n<p class=\"wp-block-paragraph\"><strong>Drivers First ve Road Mobility Services ortak hizmetlerini ba\u015flatt\u0131 \u2013 s\u00fcr\u00fcc\u00fc dinlenirken servis ve bak\u0131m art\u0131k yerinde yap\u0131l\u0131yor. Nakliye \u015firketleri bu hizmeti bug\u00fcnden itibaren rezerve edebilir. <\/strong><\/p>\n\n<p class=\"wp-block-paragraph\">Bu <a href=\"https:\/\/driversfirst.eu\/tr\/yol-mobilite-hizmetleri\/\" data-type=\"page\" data-id=\"7197\">hizmet<\/a>, Drivers First&#8217;\u00fcn <strong>Malm\u00f6<\/strong> ve <strong>Eskilstuna<\/strong>&#8216;daki tesislerinde mevcuttur. Y\u0131l boyunca daha fazla tesis eklenecektir. <\/p>\n\n<hr class=\"wp-block-separator has-alpha-channel-opacity\"\/>\n\n<h2 class=\"wp-block-heading\">Uygulamada nas\u0131l \u00e7al\u0131\u015f\u0131r?<\/h2>\n\n<ol class=\"wp-block-list\">\n<li><strong>+46 75 75 75 909<\/strong> numaral\u0131 telefonu (7\/24) <a>aray\u0131n<\/a> \u2013 tercihen geceleme rezervasyonu yap\u0131ld\u0131\u011f\u0131nda. Ayr\u0131ca <strong><a>EBS@eubrse.com<\/a><\/strong> adresine e-posta g\u00f6nderebilirsiniz. <\/li>\n\n\n\n<li>Ara\u00e7 detaylar\u0131n\u0131, yap\u0131lmas\u0131 gerekenleri ve tesiste ne zaman olaca\u011f\u0131n\u0131z\u0131 <strong>bildirin<\/strong>.<\/li>\n\n\n\n<li>Rezervasyonu <strong>onayl\u0131yor<\/strong> ve \u00f6deme konusunda anla\u015f\u0131yoruz (s\u00f6zle\u015fmeli m\u00fc\u015fteriler i\u00e7in fatura; aksi takdirde \u00f6deme ba\u011flant\u0131s\u0131).<\/li>\n\n\n\n<li>S\u00fcr\u00fcc\u00fc dinlenme s\u00fcresini kullan\u0131rken \u00e7al\u0131\u015fma otopark alan\u0131nda yap\u0131l\u0131r ve fatura do\u011frudan Road Mobility Services taraf\u0131ndan d\u00fczenlenir.<\/li>\n<\/ol>\n\n<p class=\"wp-block-paragraph\">S\u00fcr\u00fcc\u00fc Drivers First&#8217;\u00fcn \u00e7evrili ve denetimli tesisinde dinlenirken (g\u00fcnl\u00fck dinlenme i\u00e7in en az 11 saat, haftal\u0131k dinlenme i\u00e7in 45 saate kadar), Road Mobility Services servis, bak\u0131m veya k\u00fc\u00e7\u00fck onar\u0131mlar\u0131 yapmak \u00fczere tesise gelir.<\/p>\n\n<p class=\"wp-block-paragraph\">S\u00fcr\u00fcc\u00fc yolculu\u011funa devam etmeye haz\u0131r oldu\u011funda, ara\u00e7 tamamen bak\u0131m\u0131 yap\u0131lm\u0131\u015f ve bir sonraki seyahat i\u00e7in haz\u0131r olacakt\u0131r.<\/p>\n\n<hr class=\"wp-block-separator has-alpha-channel-opacity\"\/>\n\n<h2 class=\"wp-block-heading\">Neler yapt\u0131rabilirsiniz?<\/h2>\n\n<ul class=\"wp-block-list\">\n<li>Lastik bas\u0131n\u00e7 kontrolleri ve lastik de\u011fi\u015fimi<\/li>\n\n\n\n<li>S\u0131v\u0131 takviyeleri<\/li>\n\n\n\n<li>Hava ve hidrolik sistemlerin onar\u0131m\u0131 \/ bak\u0131m\u0131<\/li>\n\n\n\n<li>Elektrik sistemlerinin onar\u0131m\u0131 \/ bak\u0131m\u0131<\/li>\n\n\n\n<li>Branda onar\u0131mlar\u0131<\/li>\n\n\n\n<li>Kald\u0131rma ekipmanlar\u0131n\u0131n fonksiyonel kontrolleri<\/li>\n<\/ul>\n\n<p class=\"wp-block-paragraph\"><em>Talebe g\u00f6re ek hizmetler eklenecektir.<\/em><\/p>\n\n<hr class=\"wp-block-separator has-alpha-channel-opacity\"\/>\n\n<h2 class=\"wp-block-heading\">D\u00f6rt temel fayda<\/h2>\n\n<p class=\"wp-block-paragraph\"><strong>Ek bekleme s\u00fcresi yok<\/strong> \u2013 hizmet, ara\u00e7 zaten park halindeyken ger\u00e7ekle\u015ftirilir<br\/><strong>At\u00f6lyeye gitmeye gerek yok<\/strong> \u2013 t\u00fcm \u00e7al\u0131\u015fmalar yerinde yap\u0131l\u0131r<br\/><strong>S\u00fcr\u00fcc\u00fcler ve kargo i\u00e7in g\u00fcvenlik<\/strong> \u2013 ara\u00e7 \u00e7evrili ve denetimli bir tesiste kal\u0131r<br\/><strong>Basitle\u015ftirilmi\u015f y\u00f6netim<\/strong> \u2013 park etme ve servis tek ad\u0131mda rezerve edilir, faturaland\u0131rma do\u011frudan Road Mobility Services taraf\u0131ndan yap\u0131l\u0131r<\/p>\n\n<hr class=\"wp-block-separator has-alpha-channel-opacity\"\/>\n\n<h2 class=\"wp-block-heading\">Temsilcilerimiz ne diyor?<\/h2>\n\n<blockquote class=\"wp-block-quote is-layout-flow wp-block-quote-is-layout-flow\">\n<p class=\"wp-block-paragraph\"><em>\u201c\u015eimdi faaliyete ge\u00e7tik. Bu, kesintisiz tedarik zincirleri i\u00e7in dayan\u0131kl\u0131 ula\u015f\u0131m altyap\u0131s\u0131 in\u015fa etmeye y\u00f6nelik ilk ad\u0131md\u0131r. Bug\u00fcnden itibaren m\u00fc\u015fterilerimiz, Drivers First&#8217;teki park konaklamalar\u0131yla ba\u011flant\u0131l\u0131 olarak ara\u00e7 servisi rezervasyonu yapabilirler.\u201d<\/em><br\/><strong>\u2013 Johanna Holm\u00e9n, CCO, Drivers First<\/strong><\/p>\n<\/blockquote>\n\n<blockquote class=\"wp-block-quote is-layout-flow wp-block-quote-is-layout-flow\">\n<p class=\"wp-block-paragraph\"><em>\u201cDrivers First&#8217;te yerindeyiz. S\u00fcr\u00fcc\u00fc dinlenirken, araca servis yap\u0131yoruz \u2013 ek bekleme s\u00fcresi olmadan ve at\u00f6lyeye gereksiz yolculuklar yapmadan. Bu, ta\u015f\u0131mac\u0131l\u0131k sekt\u00f6r\u00fc i\u00e7in \u00e7\u0131\u011f\u0131r a\u00e7an bir geli\u015fme.\u201d<\/em><br\/><strong>\u2013 Markku Reinikainen, Grup COO, Road Mobility Services<\/strong><\/p>\n<\/blockquote>\n\n<hr class=\"wp-block-separator has-alpha-channel-opacity\"\/>\n\n<h2 class=\"wp-block-heading\">Rezervasyon yap\u0131n veya ileti\u015fime ge\u00e7in<\/h2>\n\n<p class=\"wp-block-paragraph\">Rezervasyon yapmak veya daha fazla bilgi almak i\u00e7in bizimle ileti\u015fime ge\u00e7in:<\/p>\n\n<p class=\"wp-block-paragraph\"><strong>Johanna Holm\u00e9n, CCO, Drivers First<\/strong><br\/>\ud83d\udcde <a>+46 735 39 35 11<\/a><br\/>\ud83d\udce7 <a href=\"mailto:johanna.holmen@driversfirst.eu\">johanna.holmen@driversfirst.eu<\/a><\/p>\n\n<p class=\"wp-block-paragraph\"><strong>Markku Reinikainen, Grup COO, Road Mobility Services<\/strong><br\/>\ud83d\udcde <a>+46 72 245 3500<\/a><br\/>\ud83d\udce7 <a href=\"mailto:markku.reinikainen@rmsgroup.se\">markku.reinikainen@rmsgroup.se<\/a><\/p>\n\n<hr class=\"wp-block-separator has-alpha-channel-opacity\"\/>\n\n<h2 class=\"wp-block-heading\">\u015eirketler hakk\u0131nda<\/h2>\n\n<p class=\"wp-block-paragraph\"><strong>Drivers First<\/strong>, profesyonel s\u00fcr\u00fcc\u00fcler i\u00e7in g\u00fcvenlik, konfor ve \u00e7al\u0131\u015fma ko\u015fullar\u0131na odaklanm\u0131\u015f modern dinlenme alanlar\u0131 geli\u015ftiren ve i\u015fleten bir \u0130sve\u00e7 \u015firketidir. G\u00fcvenli park alanlar\u0131, temiz tesisler ve dijital \u00e7\u00f6z\u00fcmler arac\u0131l\u0131\u011f\u0131yla, s\u00fcr\u00fcc\u00fcler, nakliye \u015firketleri ve faaliyet g\u00f6sterdi\u011fimiz belediyeler i\u00e7in fark yaratan standart bir model olu\u015fturuyoruz. <\/p>\n\n<p class=\"wp-block-paragraph\"><strong>Road Mobility Services<\/strong>, hem hafif hem de a\u011f\u0131r ara\u00e7lar i\u00e7in lastik hizmetleri, yol yard\u0131m\u0131, ara\u00e7 kurtarma, treyler bak\u0131m\u0131 ve at\u00f6lye hizmetleri alan\u0131nda \u00f6nde gelen bir \u0130skandinav sa\u011flay\u0131c\u0131s\u0131d\u0131r. \u0130sve\u00e7, Finlandiya ve Danimarka&#8217;da h\u0131zla geni\u015fleyen bir a\u011f ile, b\u00fcy\u00fck lojistik operat\u00f6rlerinden \u00f6zel ara\u00e7 sahiplerine kadar m\u00fc\u015fterilerimizin tekerleklerinin her zaman minimum bekleme s\u00fcresiyle d\u00f6nmesini sa\u011fl\u0131yoruz. <\/p>\n","protected":false},"excerpt":{"rendered":"<p>Drivers First ve Road Mobility Services ortak hizmetlerini ba\u015flatt\u0131 \u2013 s\u00fcr\u00fcc\u00fc dinlenirken servis ve bak\u0131m art\u0131k yerinde yap\u0131l\u0131yor. Nakliye \u015firketleri bu hizmeti bug\u00fcnden itibaren rezerve edebilir. Bu hizmet, Drivers First&#8217;\u00fcn Malm\u00f6 ve Eskilstuna&#8216;daki tesislerinde mevcuttur. Y\u0131l boyunca daha fazla tesis eklenecektir. Uygulamada nas\u0131l \u00e7al\u0131\u015f\u0131r? S\u00fcr\u00fcc\u00fc Drivers First&#8217;\u00fcn \u00e7evrili ve denetimli tesisinde dinlenirken (g\u00fcnl\u00fck dinlenme i\u00e7in [&hellip;]<\/p>\n","protected":false},"author":5,"featured_media":5521,"comment_status":"closed","ping_status":"open","sticky":false,"template":"","format":"standard","meta":{"inline_featured_image":false,"footnotes":""},"categories":[103],"tags":[],"class_list":["post-13450","post","type-post","status-publish","format-standard","has-post-thumbnail","hentry","category-uncategorized-tr"],"yoast_head":"<!-- This site is optimized with the Yoast SEO plugin v28.3 - https:\/\/yoast.com\/product\/yoast-seo-wordpress\/ -->\n<title>\u015eimdi faaliyete ge\u00e7ti: Dinlenme s\u00fcreleri boyunca hizmet Malm\u00f6 ve Eskilstuna&#039;da mevcut. - Drivers First Security Parking<\/title>\n<meta name=\"robots\" content=\"index, follow, max-snippet:-1, max-image-preview:large, max-video-preview:-1\" \/>\n<link rel=\"canonical\" href=\"https:\/\/driversfirst.eu\/tr\/news\/simdi-faaliyete-gecti-dinlenme-sureleri-boyunca-hizmet-malmo-ve-eskilstunada-mevcut\/\" \/>\n<meta property=\"og:locale\" content=\"tr_TR\" \/>\n<meta property=\"og:type\" content=\"article\" \/>\n<meta property=\"og:title\" content=\"\u015eimdi faaliyete ge\u00e7ti: Dinlenme s\u00fcreleri boyunca hizmet Malm\u00f6 ve Eskilstuna&#039;da mevcut. - Drivers First Security Parking\" \/>\n<meta property=\"og:description\" content=\"Drivers First ve Road Mobility Services ortak hizmetlerini ba\u015flatt\u0131 \u2013 s\u00fcr\u00fcc\u00fc dinlenirken servis ve bak\u0131m art\u0131k yerinde yap\u0131l\u0131yor. Nakliye \u015firketleri bu hizmeti bug\u00fcnden itibaren rezerve edebilir. Bu hizmet, Drivers First&#8217;\u00fcn Malm\u00f6 ve Eskilstuna&#8216;daki tesislerinde mevcuttur. Y\u0131l boyunca daha fazla tesis eklenecektir. Uygulamada nas\u0131l \u00e7al\u0131\u015f\u0131r? S\u00fcr\u00fcc\u00fc Drivers First&#8217;\u00fcn \u00e7evrili ve denetimli tesisinde dinlenirken (g\u00fcnl\u00fck dinlenme i\u00e7in [&hellip;]\" \/>\n<meta property=\"og:url\" content=\"https:\/\/driversfirst.eu\/tr\/news\/simdi-faaliyete-gecti-dinlenme-sureleri-boyunca-hizmet-malmo-ve-eskilstunada-mevcut\/\" \/>\n<meta property=\"og:site_name\" content=\"Drivers First Security Parking\" \/>\n<meta property=\"article:publisher\" content=\"https:\/\/www.facebook.com\/p\/Drivers-First-61558688551720\/\" \/>\n<meta property=\"article:published_time\" content=\"2026-09-01T06:00:00+00:00\" \/>\n<meta property=\"article:modified_time\" content=\"2026-09-01T09:25:21+00:00\" \/>\n<meta name=\"author\" content=\"admin\" \/>\n<meta name=\"twitter:card\" content=\"summary_large_image\" \/>\n<meta name=\"twitter:label1\" content=\"Yazan:\" \/>\n\t<meta name=\"twitter:data1\" content=\"admin\" \/>\n\t<meta name=\"twitter:label2\" content=\"Tahmini okuma s\u00fcresi\" \/>\n\t<meta name=\"twitter:data2\" content=\"3 dakika\" \/>\n<script type=\"application\/ld+json\" class=\"yoast-schema-graph\">{\"@context\":\"https:\\\/\\\/schema.org\",\"@graph\":[{\"@type\":\"Article\",\"@id\":\"https:\\\/\\\/driversfirst.eu\\\/tr\\\/news\\\/simdi-faaliyete-gecti-dinlenme-sureleri-boyunca-hizmet-malmo-ve-eskilstunada-mevcut\\\/#article\",\"isPartOf\":{\"@id\":\"https:\\\/\\\/driversfirst.eu\\\/tr\\\/news\\\/simdi-faaliyete-gecti-dinlenme-sureleri-boyunca-hizmet-malmo-ve-eskilstunada-mevcut\\\/\"},\"author\":{\"name\":\"admin\",\"@id\":\"https:\\\/\\\/driversfirst.eu\\\/tr\\\/#\\\/schema\\\/person\\\/6a4949ce88958aeaaefb15fd02995817\"},\"headline\":\"\u015eimdi faaliyete ge\u00e7ti: Dinlenme s\u00fcreleri boyunca hizmet Malm\u00f6 ve Eskilstuna&#8217;da mevcut.\",\"datePublished\":\"2026-09-01T06:00:00+00:00\",\"dateModified\":\"2026-09-01T09:25:21+00:00\",\"mainEntityOfPage\":{\"@id\":\"https:\\\/\\\/driversfirst.eu\\\/tr\\\/news\\\/simdi-faaliyete-gecti-dinlenme-sureleri-boyunca-hizmet-malmo-ve-eskilstunada-mevcut\\\/\"},\"wordCount\":622,\"publisher\":{\"@id\":\"https:\\\/\\\/driversfirst.eu\\\/tr\\\/#organization\"},\"image\":{\"@id\":\"https:\\\/\\\/driversfirst.eu\\\/tr\\\/news\\\/simdi-faaliyete-gecti-dinlenme-sureleri-boyunca-hizmet-malmo-ve-eskilstunada-mevcut\\\/#primaryimage\"},\"thumbnailUrl\":\"https:\\\/\\\/driversfirst.eu\\\/wp-content\\\/uploads\\\/2025\\\/09\\\/rms.svg\",\"articleSection\":[\"Uncategorized @tr\"],\"inLanguage\":\"tr\"},{\"@type\":\"WebPage\",\"@id\":\"https:\\\/\\\/driversfirst.eu\\\/tr\\\/news\\\/simdi-faaliyete-gecti-dinlenme-sureleri-boyunca-hizmet-malmo-ve-eskilstunada-mevcut\\\/\",\"url\":\"https:\\\/\\\/driversfirst.eu\\\/tr\\\/news\\\/simdi-faaliyete-gecti-dinlenme-sureleri-boyunca-hizmet-malmo-ve-eskilstunada-mevcut\\\/\",\"name\":\"\u015eimdi faaliyete ge\u00e7ti: Dinlenme s\u00fcreleri boyunca hizmet Malm\u00f6 ve Eskilstuna'da mevcut. - Drivers First Security Parking\",\"isPartOf\":{\"@id\":\"https:\\\/\\\/driversfirst.eu\\\/tr\\\/#website\"},\"primaryImageOfPage\":{\"@id\":\"https:\\\/\\\/driversfirst.eu\\\/tr\\\/news\\\/simdi-faaliyete-gecti-dinlenme-sureleri-boyunca-hizmet-malmo-ve-eskilstunada-mevcut\\\/#primaryimage\"},\"image\":{\"@id\":\"https:\\\/\\\/driversfirst.eu\\\/tr\\\/news\\\/simdi-faaliyete-gecti-dinlenme-sureleri-boyunca-hizmet-malmo-ve-eskilstunada-mevcut\\\/#primaryimage\"},\"thumbnailUrl\":\"https:\\\/\\\/driversfirst.eu\\\/wp-content\\\/uploads\\\/2025\\\/09\\\/rms.svg\",\"datePublished\":\"2026-09-01T06:00:00+00:00\",\"dateModified\":\"2026-09-01T09:25:21+00:00\",\"breadcrumb\":{\"@id\":\"https:\\\/\\\/driversfirst.eu\\\/tr\\\/news\\\/simdi-faaliyete-gecti-dinlenme-sureleri-boyunca-hizmet-malmo-ve-eskilstunada-mevcut\\\/#breadcrumb\"},\"inLanguage\":\"tr\",\"potentialAction\":[{\"@type\":\"ReadAction\",\"target\":[\"https:\\\/\\\/driversfirst.eu\\\/tr\\\/news\\\/simdi-faaliyete-gecti-dinlenme-sureleri-boyunca-hizmet-malmo-ve-eskilstunada-mevcut\\\/\"]}]},{\"@type\":\"ImageObject\",\"inLanguage\":\"tr\",\"@id\":\"https:\\\/\\\/driversfirst.eu\\\/tr\\\/news\\\/simdi-faaliyete-gecti-dinlenme-sureleri-boyunca-hizmet-malmo-ve-eskilstunada-mevcut\\\/#primaryimage\",\"url\":\"https:\\\/\\\/driversfirst.eu\\\/wp-content\\\/uploads\\\/2025\\\/09\\\/rms.svg\",\"contentUrl\":\"https:\\\/\\\/driversfirst.eu\\\/wp-content\\\/uploads\\\/2025\\\/09\\\/rms.svg\",\"width\":1738,\"height\":230},{\"@type\":\"BreadcrumbList\",\"@id\":\"https:\\\/\\\/driversfirst.eu\\\/tr\\\/news\\\/simdi-faaliyete-gecti-dinlenme-sureleri-boyunca-hizmet-malmo-ve-eskilstunada-mevcut\\\/#breadcrumb\",\"itemListElement\":[{\"@type\":\"ListItem\",\"position\":1,\"name\":\"Ana Sayfa\",\"item\":\"https:\\\/\\\/driversfirst.eu\\\/tr\\\/ana-sayfa\\\/\"},{\"@type\":\"ListItem\",\"position\":2,\"name\":\"\u015eimdi faaliyete ge\u00e7ti: Dinlenme s\u00fcreleri boyunca hizmet Malm\u00f6 ve Eskilstuna&#8217;da mevcut.\"}]},{\"@type\":\"WebSite\",\"@id\":\"https:\\\/\\\/driversfirst.eu\\\/tr\\\/#website\",\"url\":\"https:\\\/\\\/driversfirst.eu\\\/tr\\\/\",\"name\":\"Drivers First Security Parking\",\"description\":\"Secure full service truck stops\",\"publisher\":{\"@id\":\"https:\\\/\\\/driversfirst.eu\\\/tr\\\/#organization\"},\"potentialAction\":[{\"@type\":\"SearchAction\",\"target\":{\"@type\":\"EntryPoint\",\"urlTemplate\":\"https:\\\/\\\/driversfirst.eu\\\/tr\\\/?s={search_term_string}\"},\"query-input\":{\"@type\":\"PropertyValueSpecification\",\"valueRequired\":true,\"valueName\":\"search_term_string\"}}],\"inLanguage\":\"tr\"},{\"@type\":\"Organization\",\"@id\":\"https:\\\/\\\/driversfirst.eu\\\/tr\\\/#organization\",\"name\":\"Drivers First Security Parking\",\"alternateName\":\"S\u00fcr\u00fcc\u00fcler \u00d6ncelikli\",\"url\":\"https:\\\/\\\/driversfirst.eu\\\/tr\\\/\",\"logo\":{\"@type\":\"ImageObject\",\"inLanguage\":\"tr\",\"@id\":\"https:\\\/\\\/driversfirst.eu\\\/tr\\\/#\\\/schema\\\/logo\\\/image\\\/\",\"url\":\"https:\\\/\\\/driversfirst.eu\\\/wp-content\\\/uploads\\\/2025\\\/08\\\/drivers-first-security-parking-scaled.png\",\"contentUrl\":\"https:\\\/\\\/driversfirst.eu\\\/wp-content\\\/uploads\\\/2025\\\/08\\\/drivers-first-security-parking-scaled.png\",\"width\":2560,\"height\":490,\"caption\":\"Drivers First Security Parking\"},\"image\":{\"@id\":\"https:\\\/\\\/driversfirst.eu\\\/tr\\\/#\\\/schema\\\/logo\\\/image\\\/\"},\"sameAs\":[\"https:\\\/\\\/www.facebook.com\\\/p\\\/Drivers-First-61558688551720\\\/\",\"https:\\\/\\\/www.linkedin.com\\\/company\\\/driversfirst\"]},{\"@type\":\"Person\",\"@id\":\"https:\\\/\\\/driversfirst.eu\\\/tr\\\/#\\\/schema\\\/person\\\/6a4949ce88958aeaaefb15fd02995817\",\"name\":\"admin\",\"image\":{\"@type\":\"ImageObject\",\"inLanguage\":\"tr\",\"@id\":\"https:\\\/\\\/secure.gravatar.com\\\/avatar\\\/f570c8ee5492a8a1bd00d4eae858059eefc640db248e399d9394e0731b1504bf?s=96&d=mm&r=g\",\"url\":\"https:\\\/\\\/secure.gravatar.com\\\/avatar\\\/f570c8ee5492a8a1bd00d4eae858059eefc640db248e399d9394e0731b1504bf?s=96&d=mm&r=g\",\"contentUrl\":\"https:\\\/\\\/secure.gravatar.com\\\/avatar\\\/f570c8ee5492a8a1bd00d4eae858059eefc640db248e399d9394e0731b1504bf?s=96&d=mm&r=g\",\"caption\":\"admin\"},\"sameAs\":[\"https:\\\/\\\/driversfirst.eu\"]}]}<\/script>\n<!-- \/ Yoast SEO plugin. -->","yoast_head_json":{"title":"\u015eimdi faaliyete ge\u00e7ti: Dinlenme s\u00fcreleri boyunca hizmet Malm\u00f6 ve Eskilstuna'da mevcut. - Drivers First Security Parking","robots":{"index":"index","follow":"follow","max-snippet":"max-snippet:-1","max-image-preview":"max-image-preview:large","max-video-preview":"max-video-preview:-1"},"canonical":"https:\/\/driversfirst.eu\/tr\/news\/simdi-faaliyete-gecti-dinlenme-sureleri-boyunca-hizmet-malmo-ve-eskilstunada-mevcut\/","og_locale":"tr_TR","og_type":"article","og_title":"\u015eimdi faaliyete ge\u00e7ti: Dinlenme s\u00fcreleri boyunca hizmet Malm\u00f6 ve Eskilstuna'da mevcut. - Drivers First Security Parking","og_description":"Drivers First ve Road Mobility Services ortak hizmetlerini ba\u015flatt\u0131 \u2013 s\u00fcr\u00fcc\u00fc dinlenirken servis ve bak\u0131m art\u0131k yerinde yap\u0131l\u0131yor. Nakliye \u015firketleri bu hizmeti bug\u00fcnden itibaren rezerve edebilir. Bu hizmet, Drivers First&#8217;\u00fcn Malm\u00f6 ve Eskilstuna&#8216;daki tesislerinde mevcuttur. Y\u0131l boyunca daha fazla tesis eklenecektir. Uygulamada nas\u0131l \u00e7al\u0131\u015f\u0131r? S\u00fcr\u00fcc\u00fc Drivers First&#8217;\u00fcn \u00e7evrili ve denetimli tesisinde dinlenirken (g\u00fcnl\u00fck dinlenme i\u00e7in [&hellip;]","og_url":"https:\/\/driversfirst.eu\/tr\/news\/simdi-faaliyete-gecti-dinlenme-sureleri-boyunca-hizmet-malmo-ve-eskilstunada-mevcut\/","og_site_name":"Drivers First Security Parking","article_publisher":"https:\/\/www.facebook.com\/p\/Drivers-First-61558688551720\/","article_published_time":"2026-09-01T06:00:00+00:00","article_modified_time":"2026-09-01T09:25:21+00:00","author":"admin","twitter_card":"summary_large_image","twitter_misc":{"Yazan:":"admin","Tahmini okuma s\u00fcresi":"3 dakika"},"schema":{"@context":"https:\/\/schema.org","@graph":[{"@type":"Article","@id":"https:\/\/driversfirst.eu\/tr\/news\/simdi-faaliyete-gecti-dinlenme-sureleri-boyunca-hizmet-malmo-ve-eskilstunada-mevcut\/#article","isPartOf":{"@id":"https:\/\/driversfirst.eu\/tr\/news\/simdi-faaliyete-gecti-dinlenme-sureleri-boyunca-hizmet-malmo-ve-eskilstunada-mevcut\/"},"author":{"name":"admin","@id":"https:\/\/driversfirst.eu\/tr\/#\/schema\/person\/6a4949ce88958aeaaefb15fd02995817"},"headline":"\u015eimdi faaliyete ge\u00e7ti: Dinlenme s\u00fcreleri boyunca hizmet Malm\u00f6 ve Eskilstuna&#8217;da mevcut.","datePublished":"2026-09-01T06:00:00+00:00","dateModified":"2026-09-01T09:25:21+00:00","mainEntityOfPage":{"@id":"https:\/\/driversfirst.eu\/tr\/news\/simdi-faaliyete-gecti-dinlenme-sureleri-boyunca-hizmet-malmo-ve-eskilstunada-mevcut\/"},"wordCount":622,"publisher":{"@id":"https:\/\/driversfirst.eu\/tr\/#organization"},"image":{"@id":"https:\/\/driversfirst.eu\/tr\/news\/simdi-faaliyete-gecti-dinlenme-sureleri-boyunca-hizmet-malmo-ve-eskilstunada-mevcut\/#primaryimage"},"thumbnailUrl":"https:\/\/driversfirst.eu\/wp-content\/uploads\/2025\/09\/rms.svg","articleSection":["Uncategorized @tr"],"inLanguage":"tr"},{"@type":"WebPage","@id":"https:\/\/driversfirst.eu\/tr\/news\/simdi-faaliyete-gecti-dinlenme-sureleri-boyunca-hizmet-malmo-ve-eskilstunada-mevcut\/","url":"https:\/\/driversfirst.eu\/tr\/news\/simdi-faaliyete-gecti-dinlenme-sureleri-boyunca-hizmet-malmo-ve-eskilstunada-mevcut\/","name":"\u015eimdi faaliyete ge\u00e7ti: Dinlenme s\u00fcreleri boyunca hizmet Malm\u00f6 ve Eskilstuna'da mevcut. - Drivers First Security Parking","isPartOf":{"@id":"https:\/\/driversfirst.eu\/tr\/#website"},"primaryImageOfPage":{"@id":"https:\/\/driversfirst.eu\/tr\/news\/simdi-faaliyete-gecti-dinlenme-sureleri-boyunca-hizmet-malmo-ve-eskilstunada-mevcut\/#primaryimage"},"image":{"@id":"https:\/\/driversfirst.eu\/tr\/news\/simdi-faaliyete-gecti-dinlenme-sureleri-boyunca-hizmet-malmo-ve-eskilstunada-mevcut\/#primaryimage"},"thumbnailUrl":"https:\/\/driversfirst.eu\/wp-content\/uploads\/2025\/09\/rms.svg","datePublished":"2026-09-01T06:00:00+00:00","dateModified":"2026-09-01T09:25:21+00:00","breadcrumb":{"@id":"https:\/\/driversfirst.eu\/tr\/news\/simdi-faaliyete-gecti-dinlenme-sureleri-boyunca-hizmet-malmo-ve-eskilstunada-mevcut\/#breadcrumb"},"inLanguage":"tr","potentialAction":[{"@type":"ReadAction","target":["https:\/\/driversfirst.eu\/tr\/news\/simdi-faaliyete-gecti-dinlenme-sureleri-boyunca-hizmet-malmo-ve-eskilstunada-mevcut\/"]}]},{"@type":"ImageObject","inLanguage":"tr","@id":"https:\/\/driversfirst.eu\/tr\/news\/simdi-faaliyete-gecti-dinlenme-sureleri-boyunca-hizmet-malmo-ve-eskilstunada-mevcut\/#primaryimage","url":"https:\/\/driversfirst.eu\/wp-content\/uploads\/2025\/09\/rms.svg","contentUrl":"https:\/\/driversfirst.eu\/wp-content\/uploads\/2025\/09\/rms.svg","width":1738,"height":230},{"@type":"BreadcrumbList","@id":"https:\/\/driversfirst.eu\/tr\/news\/simdi-faaliyete-gecti-dinlenme-sureleri-boyunca-hizmet-malmo-ve-eskilstunada-mevcut\/#breadcrumb","itemListElement":[{"@type":"ListItem","position":1,"name":"Ana Sayfa","item":"https:\/\/driversfirst.eu\/tr\/ana-sayfa\/"},{"@type":"ListItem","position":2,"name":"\u015eimdi faaliyete ge\u00e7ti: Dinlenme s\u00fcreleri boyunca hizmet Malm\u00f6 ve Eskilstuna&#8217;da mevcut."}]},{"@type":"WebSite","@id":"https:\/\/driversfirst.eu\/tr\/#website","url":"https:\/\/driversfirst.eu\/tr\/","name":"Drivers First Security Parking","description":"Secure full service truck stops","publisher":{"@id":"https:\/\/driversfirst.eu\/tr\/#organization"},"potentialAction":[{"@type":"SearchAction","target":{"@type":"EntryPoint","urlTemplate":"https:\/\/driversfirst.eu\/tr\/?s={search_term_string}"},"query-input":{"@type":"PropertyValueSpecification","valueRequired":true,"valueName":"search_term_string"}}],"inLanguage":"tr"},{"@type":"Organization","@id":"https:\/\/driversfirst.eu\/tr\/#organization","name":"Drivers First Security Parking","alternateName":"S\u00fcr\u00fcc\u00fcler \u00d6ncelikli","url":"https:\/\/driversfirst.eu\/tr\/","logo":{"@type":"ImageObject","inLanguage":"tr","@id":"https:\/\/driversfirst.eu\/tr\/#\/schema\/logo\/image\/","url":"https:\/\/driversfirst.eu\/wp-content\/uploads\/2025\/08\/drivers-first-security-parking-scaled.png","contentUrl":"https:\/\/driversfirst.eu\/wp-content\/uploads\/2025\/08\/drivers-first-security-parking-scaled.png","width":2560,"height":490,"caption":"Drivers First Security Parking"},"image":{"@id":"https:\/\/driversfirst.eu\/tr\/#\/schema\/logo\/image\/"},"sameAs":["https:\/\/www.facebook.com\/p\/Drivers-First-61558688551720\/","https:\/\/www.linkedin.com\/company\/driversfirst"]},{"@type":"Person","@id":"https:\/\/driversfirst.eu\/tr\/#\/schema\/person\/6a4949ce88958aeaaefb15fd02995817","name":"admin","image":{"@type":"ImageObject","inLanguage":"tr","@id":"https:\/\/secure.gravatar.com\/avatar\/f570c8ee5492a8a1bd00d4eae858059eefc640db248e399d9394e0731b1504bf?s=96&d=mm&r=g","url":"https:\/\/secure.gravatar.com\/avatar\/f570c8ee5492a8a1bd00d4eae858059eefc640db248e399d9394e0731b1504bf?s=96&d=mm&r=g","contentUrl":"https:\/\/secure.gravatar.com\/avatar\/f570c8ee5492a8a1bd00d4eae858059eefc640db248e399d9394e0731b1504bf?s=96&d=mm&r=g","caption":"admin"},"sameAs":["https:\/\/driversfirst.eu"]}]}},"_links":{"self":[{"href":"https:\/\/driversfirst.eu\/tr\/wp-json\/wp\/v2\/posts\/13450","targetHints":{"allow":["GET"]}}],"collection":[{"href":"https:\/\/driversfirst.eu\/tr\/wp-json\/wp\/v2\/posts"}],"about":[{"href":"https:\/\/driversfirst.eu\/tr\/wp-json\/wp\/v2\/types\/post"}],"author":[{"embeddable":true,"href":"https:\/\/driversfirst.eu\/tr\/wp-json\/wp\/v2\/users\/5"}],"replies":[{"embeddable":true,"href":"https:\/\/driversfirst.eu\/tr\/wp-json\/wp\/v2\/comments?post=13450"}],"version-history":[{"count":1,"href":"https:\/\/driversfirst.eu\/tr\/wp-json\/wp\/v2\/posts\/13450\/revisions"}],"predecessor-version":[{"id":13451,"href":"https:\/\/driversfirst.eu\/tr\/wp-json\/wp\/v2\/posts\/13450\/revisions\/13451"}],"wp:featuredmedia":[{"embeddable":true,"href":"https:\/\/driversfirst.eu\/tr\/wp-json\/wp\/v2\/media\/5521"}],"wp:attachment":[{"href":"https:\/\/driversfirst.eu\/tr\/wp-json\/wp\/v2\/media?parent=13450"}],"wp:term":[{"taxonomy":"category","embeddable":true,"href":"https:\/\/driversfirst.eu\/tr\/wp-json\/wp\/v2\/categories?post=13450"},{"taxonomy":"post_tag","embeddable":true,"href":"https:\/\/driversfirst.eu\/tr\/wp-json\/wp\/v2\/tags?post=13450"}],"curies":[{"name":"wp","href":"https:\/\/api.w.org\/{rel}","templated":true}]}}