{"id":6484,"date":"2025-12-12T18:11:56","date_gmt":"2025-12-12T17:11:56","guid":{"rendered":"https:\/\/driversfirst.eu\/news\/var-nya-sakerhetsparkering-oppnar-i-dag-i-malmo\/"},"modified":"2025-12-12T20:47:28","modified_gmt":"2025-12-12T19:47:28","slug":"var-nya-sakerhetsparkering-oppnar-i-dag-i-malmo","status":"publish","type":"post","link":"https:\/\/driversfirst.eu\/sv\/news\/var-nya-sakerhetsparkering-oppnar-i-dag-i-malmo\/","title":{"rendered":"V\u00e5r nya s\u00e4kerhetsparkering \u00f6ppnar i Malm\u00f6 idag!"},"content":{"rendered":"\n<p><strong>Ny s\u00e4ker lastbilsparkering \u00f6ppnar i Malm\u00f6<\/strong><br\/>Vi \u00e4r glada att meddela \u00f6ppningen av v\u00e5r helt nya s\u00e4kra lastbilsparkering i Malm\u00f6.<br\/>Fr\u00e5n och med i dag, <strong>12 december<\/strong>, \u00e4r anl\u00e4ggningen i Malm\u00f6 \u00f6ppen och du kan <strong>f\u00f6rhandsboka din plats online<\/strong>. Parkeringsanl\u00e4ggningen \u00e4r bekv\u00e4mt bel\u00e4gen n\u00e4ra flera restauranger och matst\u00e4llen, vilket g\u00f6r det enkelt f\u00f6r f\u00f6rare att njuta av en god m\u00e5ltid och en v\u00e4lf\u00f6rtj\u00e4nt paus. <br\/><br\/><strong>Snabb och enkel bokning <\/strong><br\/>F\u00f6rhandsboka online och betala enkelt med kreditkort<br\/><a href=\"https:\/\/driversfirst.eu\/sv\/ansok-om-konto\/\" target=\"_blank\" rel=\"noreferrer noopener\">Ans\u00f6k om ett f\u00f6retagskonto<\/a> och f\u00e5 alla parkeringsavgifter p\u00e5 en m\u00e5nadsfaktura<br\/>F\u00f6retagskunder f\u00e5r volymrabatter<br\/><br\/><strong>F\u00f6rarlounge \u2013 utformad f\u00f6r komfort<\/strong><br\/>V\u00e5r nya <strong>f\u00f6rarlounge i Malm\u00f6<\/strong> \u00e4r den perfekta platsen att koppla av under din paus. Njut av <strong>gratis kaffe<\/strong>, anv\u00e4nd v\u00e5ra k\u00f6ksfaciliteter eller koppla av i en ren och bekv\u00e4m milj\u00f6.<br\/>Vi erbjuder \u00e4ven <strong>gratis WiFi<\/strong>, moderna toaletter och duschar \u2013 vilket ger f\u00f6rare allt de beh\u00f6ver f\u00f6r ett s\u00e4kert och bekv\u00e4mt stopp. <br\/><br\/><strong>Om Drivers First Security Parking \u2013 S\u00e4kerheten kommer f\u00f6rst<\/strong><br\/>Drivers First expanderar snabbt \u00f6ver Sverige och Norden och erbjuder <strong>s\u00e4kra parkeringsl\u00f6sningar f\u00f6r lastbilar<\/strong>. Vi prioriterar <strong>s\u00e4kerhet, komfort och bekv\u00e4mlighet<\/strong> och erbjuder moderna faciliteter, avkopplande f\u00f6rarlounger och gratis WiFi \u2013 vilket s\u00e4kerst\u00e4ller att yrkesf\u00f6rare kan vila med fullst\u00e4ndig sinnesfrid.<br\/>L\u00e4s mer om v\u00e5r anl\u00e4ggning i Malm\u00f6 <a href=\"https:\/\/driversfirst.eu\/sv\/vara-anlaggningar\/malmo\/\" target=\"_blank\" rel=\"noreferrer noopener\">h\u00e4r<\/a>. <\/p>\n\n<figure class=\"wp-block-gallery has-nested-images columns-default is-cropped wp-block-gallery-1 is-layout-flex wp-block-gallery-is-layout-flex\">\n<figure class=\"wp-block-image size-large\"><img fetchpriority=\"high\" decoding=\"async\" width=\"1024\" height=\"768\" data-id=\"6036\" src=\"https:\/\/driversfirst.eu\/wp-content\/uploads\/2025\/12\/IMG_0682-1024x768.jpeg\" alt=\"\" class=\"wp-image-6036\" srcset=\"https:\/\/driversfirst.eu\/wp-content\/uploads\/2025\/12\/IMG_0682-1024x768.jpeg 1024w, https:\/\/driversfirst.eu\/wp-content\/uploads\/2025\/12\/IMG_0682-300x225.jpeg 300w, https:\/\/driversfirst.eu\/wp-content\/uploads\/2025\/12\/IMG_0682-768x576.jpeg 768w, https:\/\/driversfirst.eu\/wp-content\/uploads\/2025\/12\/IMG_0682-1536x1152.jpeg 1536w, https:\/\/driversfirst.eu\/wp-content\/uploads\/2025\/12\/IMG_0682-2048x1536.jpeg 2048w\" sizes=\"(max-width: 1024px) 100vw, 1024px\" \/><\/figure>\n\n\n\n<figure class=\"wp-block-image size-large\"><img decoding=\"async\" width=\"768\" height=\"1024\" data-id=\"6064\" src=\"https:\/\/driversfirst.eu\/wp-content\/uploads\/2025\/12\/IMG_0691-768x1024.jpeg\" alt=\"\" class=\"wp-image-6064\" srcset=\"https:\/\/driversfirst.eu\/wp-content\/uploads\/2025\/12\/IMG_0691-768x1024.jpeg 768w, https:\/\/driversfirst.eu\/wp-content\/uploads\/2025\/12\/IMG_0691-225x300.jpeg 225w, https:\/\/driversfirst.eu\/wp-content\/uploads\/2025\/12\/IMG_0691-1152x1536.jpeg 1152w, https:\/\/driversfirst.eu\/wp-content\/uploads\/2025\/12\/IMG_0691-1536x2048.jpeg 1536w, https:\/\/driversfirst.eu\/wp-content\/uploads\/2025\/12\/IMG_0691-scaled.jpeg 1920w\" sizes=\"(max-width: 768px) 100vw, 768px\" \/><\/figure>\n\n\n\n<figure class=\"wp-block-image size-large\"><img decoding=\"async\" width=\"1024\" height=\"768\" data-id=\"6078\" src=\"https:\/\/driversfirst.eu\/wp-content\/uploads\/2025\/12\/IMG_0692-1024x768.jpeg\" alt=\"\" class=\"wp-image-6078\" srcset=\"https:\/\/driversfirst.eu\/wp-content\/uploads\/2025\/12\/IMG_0692-1024x768.jpeg 1024w, https:\/\/driversfirst.eu\/wp-content\/uploads\/2025\/12\/IMG_0692-300x225.jpeg 300w, https:\/\/driversfirst.eu\/wp-content\/uploads\/2025\/12\/IMG_0692-768x576.jpeg 768w, https:\/\/driversfirst.eu\/wp-content\/uploads\/2025\/12\/IMG_0692-1536x1152.jpeg 1536w, https:\/\/driversfirst.eu\/wp-content\/uploads\/2025\/12\/IMG_0692-2048x1536.jpeg 2048w\" sizes=\"(max-width: 1024px) 100vw, 1024px\" \/><figcaption class=\"wp-element-caption\">Toaletter<\/figcaption><\/figure>\n\n\n\n<figure class=\"wp-block-image size-large\"><img loading=\"lazy\" decoding=\"async\" width=\"1024\" height=\"768\" data-id=\"6092\" src=\"https:\/\/driversfirst.eu\/wp-content\/uploads\/2025\/12\/IMG_0693-1024x768.jpeg\" alt=\"\" class=\"wp-image-6092\" srcset=\"https:\/\/driversfirst.eu\/wp-content\/uploads\/2025\/12\/IMG_0693-1024x768.jpeg 1024w, https:\/\/driversfirst.eu\/wp-content\/uploads\/2025\/12\/IMG_0693-300x225.jpeg 300w, https:\/\/driversfirst.eu\/wp-content\/uploads\/2025\/12\/IMG_0693-768x576.jpeg 768w, https:\/\/driversfirst.eu\/wp-content\/uploads\/2025\/12\/IMG_0693-1536x1152.jpeg 1536w, https:\/\/driversfirst.eu\/wp-content\/uploads\/2025\/12\/IMG_0693-2048x1536.jpeg 2048w\" sizes=\"(max-width: 1024px) 100vw, 1024px\" \/><figcaption class=\"wp-element-caption\">Faciliteter<\/figcaption><\/figure>\n\n\n\n<figure class=\"wp-block-image size-large\"><img loading=\"lazy\" decoding=\"async\" width=\"1024\" height=\"768\" data-id=\"6106\" src=\"https:\/\/driversfirst.eu\/wp-content\/uploads\/2025\/12\/IMG_0696-1024x768.jpeg\" alt=\"\" class=\"wp-image-6106\" srcset=\"https:\/\/driversfirst.eu\/wp-content\/uploads\/2025\/12\/IMG_0696-1024x768.jpeg 1024w, https:\/\/driversfirst.eu\/wp-content\/uploads\/2025\/12\/IMG_0696-300x225.jpeg 300w, https:\/\/driversfirst.eu\/wp-content\/uploads\/2025\/12\/IMG_0696-768x576.jpeg 768w, https:\/\/driversfirst.eu\/wp-content\/uploads\/2025\/12\/IMG_0696-1536x1152.jpeg 1536w, https:\/\/driversfirst.eu\/wp-content\/uploads\/2025\/12\/IMG_0696-2048x1536.jpeg 2048w\" sizes=\"(max-width: 1024px) 100vw, 1024px\" \/><figcaption class=\"wp-element-caption\">Lounge med gratis WiFi<\/figcaption><\/figure>\n\n\n\n<figure class=\"wp-block-image size-large\"><img loading=\"lazy\" decoding=\"async\" width=\"1024\" height=\"768\" data-id=\"6149\" src=\"https:\/\/driversfirst.eu\/wp-content\/uploads\/2025\/12\/IMG_0703-1024x768.jpeg\" alt=\"\" class=\"wp-image-6149\" srcset=\"https:\/\/driversfirst.eu\/wp-content\/uploads\/2025\/12\/IMG_0703-1024x768.jpeg 1024w, https:\/\/driversfirst.eu\/wp-content\/uploads\/2025\/12\/IMG_0703-300x225.jpeg 300w, https:\/\/driversfirst.eu\/wp-content\/uploads\/2025\/12\/IMG_0703-768x576.jpeg 768w, https:\/\/driversfirst.eu\/wp-content\/uploads\/2025\/12\/IMG_0703-1536x1152.jpeg 1536w, https:\/\/driversfirst.eu\/wp-content\/uploads\/2025\/12\/IMG_0703-2048x1536.jpeg 2048w\" sizes=\"(max-width: 1024px) 100vw, 1024px\" \/><figcaption class=\"wp-element-caption\">\u00d6versikt<\/figcaption><\/figure>\n\n\n\n<figure class=\"wp-block-image size-large\"><img loading=\"lazy\" decoding=\"async\" width=\"1024\" height=\"768\" data-id=\"6134\" src=\"https:\/\/driversfirst.eu\/wp-content\/uploads\/2025\/12\/IMG_0707-1024x768.jpeg\" alt=\"\" class=\"wp-image-6134\" srcset=\"https:\/\/driversfirst.eu\/wp-content\/uploads\/2025\/12\/IMG_0707-1024x768.jpeg 1024w, https:\/\/driversfirst.eu\/wp-content\/uploads\/2025\/12\/IMG_0707-300x225.jpeg 300w, https:\/\/driversfirst.eu\/wp-content\/uploads\/2025\/12\/IMG_0707-768x576.jpeg 768w, https:\/\/driversfirst.eu\/wp-content\/uploads\/2025\/12\/IMG_0707-1536x1152.jpeg 1536w, https:\/\/driversfirst.eu\/wp-content\/uploads\/2025\/12\/IMG_0707-2048x1536.jpeg 2048w\" sizes=\"(max-width: 1024px) 100vw, 1024px\" \/><figcaption class=\"wp-element-caption\">Utg\u00e5ngsport<\/figcaption><\/figure>\n<\/figure>\n","protected":false},"excerpt":{"rendered":"<p>Ny s\u00e4ker lastbilsparkering \u00f6ppnar i Malm\u00f6Vi \u00e4r glada att meddela \u00f6ppningen av v\u00e5r helt nya s\u00e4kra lastbilsparkering i Malm\u00f6.Fr\u00e5n och med i dag, 12 december, \u00e4r anl\u00e4ggningen i Malm\u00f6 \u00f6ppen och du kan f\u00f6rhandsboka din plats online. Parkeringsanl\u00e4ggningen \u00e4r bekv\u00e4mt bel\u00e4gen n\u00e4ra flera restauranger och matst\u00e4llen, vilket g\u00f6r det enkelt f\u00f6r f\u00f6rare att njuta av [&hellip;]<\/p>\n","protected":false},"author":1,"featured_media":6103,"comment_status":"closed","ping_status":"open","sticky":false,"template":"","format":"standard","meta":{"inline_featured_image":false,"footnotes":""},"categories":[97],"tags":[],"class_list":["post-6484","post","type-post","status-publish","format-standard","has-post-thumbnail","hentry","category-okategoriserat"],"yoast_head":"<!-- This site is optimized with the Yoast SEO plugin v27.4 - https:\/\/yoast.com\/product\/yoast-seo-wordpress\/ -->\n<title>V\u00e5r nya s\u00e4kerhetsparkering \u00f6ppnar i Malm\u00f6 idag! - Drivers First Security Parking<\/title>\n<meta name=\"robots\" content=\"index, follow, max-snippet:-1, max-image-preview:large, max-video-preview:-1\" \/>\n<link rel=\"canonical\" href=\"https:\/\/driversfirst.eu\/sv\/news\/var-nya-sakerhetsparkering-oppnar-i-dag-i-malmo\/\" \/>\n<meta property=\"og:locale\" content=\"sv_SE\" \/>\n<meta property=\"og:type\" content=\"article\" \/>\n<meta property=\"og:title\" content=\"V\u00e5r nya s\u00e4kerhetsparkering \u00f6ppnar i Malm\u00f6 idag! - Drivers First Security Parking\" \/>\n<meta property=\"og:description\" content=\"Ny s\u00e4ker lastbilsparkering \u00f6ppnar i Malm\u00f6Vi \u00e4r glada att meddela \u00f6ppningen av v\u00e5r helt nya s\u00e4kra lastbilsparkering i Malm\u00f6.Fr\u00e5n och med i dag, 12 december, \u00e4r anl\u00e4ggningen i Malm\u00f6 \u00f6ppen och du kan f\u00f6rhandsboka din plats online. Parkeringsanl\u00e4ggningen \u00e4r bekv\u00e4mt bel\u00e4gen n\u00e4ra flera restauranger och matst\u00e4llen, vilket g\u00f6r det enkelt f\u00f6r f\u00f6rare att njuta av [&hellip;]\" \/>\n<meta property=\"og:url\" content=\"https:\/\/driversfirst.eu\/sv\/news\/var-nya-sakerhetsparkering-oppnar-i-dag-i-malmo\/\" \/>\n<meta property=\"og:site_name\" content=\"Drivers First Security Parking\" \/>\n<meta property=\"article:publisher\" content=\"https:\/\/www.facebook.com\/p\/Drivers-First-61558688551720\/\" \/>\n<meta property=\"article:published_time\" content=\"2025-12-12T17:11:56+00:00\" \/>\n<meta property=\"article:modified_time\" content=\"2025-12-12T19:47:28+00:00\" \/>\n<meta property=\"og:image\" content=\"https:\/\/driversfirst.eu\/wp-content\/uploads\/2025\/12\/IMG_0693-scaled.jpeg\" \/>\n\t<meta property=\"og:image:width\" content=\"2560\" \/>\n\t<meta property=\"og:image:height\" content=\"1920\" \/>\n\t<meta property=\"og:image:type\" content=\"image\/jpeg\" \/>\n<meta name=\"author\" content=\"admin\" \/>\n<meta name=\"twitter:card\" content=\"summary_large_image\" \/>\n<meta name=\"twitter:label1\" content=\"Skriven av\" \/>\n\t<meta name=\"twitter:data1\" content=\"admin\" \/>\n\t<meta name=\"twitter:label2\" content=\"Ber\u00e4knad l\u00e4stid\" \/>\n\t<meta name=\"twitter:data2\" content=\"1 minut\" \/>\n<script type=\"application\/ld+json\" class=\"yoast-schema-graph\">{\"@context\":\"https:\\\/\\\/schema.org\",\"@graph\":[{\"@type\":\"Article\",\"@id\":\"https:\\\/\\\/driversfirst.eu\\\/sv\\\/news\\\/var-nya-sakerhetsparkering-oppnar-i-dag-i-malmo\\\/#article\",\"isPartOf\":{\"@id\":\"https:\\\/\\\/driversfirst.eu\\\/sv\\\/news\\\/var-nya-sakerhetsparkering-oppnar-i-dag-i-malmo\\\/\"},\"author\":{\"name\":\"admin\",\"@id\":\"https:\\\/\\\/driversfirst.eu\\\/sv\\\/#\\\/schema\\\/person\\\/89d2a52520d5fabd0ca0927348ee6dd0\"},\"headline\":\"V\u00e5r nya s\u00e4kerhetsparkering \u00f6ppnar i Malm\u00f6 idag!\",\"datePublished\":\"2025-12-12T17:11:56+00:00\",\"dateModified\":\"2025-12-12T19:47:28+00:00\",\"mainEntityOfPage\":{\"@id\":\"https:\\\/\\\/driversfirst.eu\\\/sv\\\/news\\\/var-nya-sakerhetsparkering-oppnar-i-dag-i-malmo\\\/\"},\"wordCount\":268,\"publisher\":{\"@id\":\"https:\\\/\\\/driversfirst.eu\\\/sv\\\/#organization\"},\"image\":{\"@id\":\"https:\\\/\\\/driversfirst.eu\\\/sv\\\/news\\\/var-nya-sakerhetsparkering-oppnar-i-dag-i-malmo\\\/#primaryimage\"},\"thumbnailUrl\":\"https:\\\/\\\/driversfirst.eu\\\/wp-content\\\/uploads\\\/2025\\\/12\\\/IMG_0693-scaled.jpeg\",\"articleSection\":[\"Okategoriserat\"],\"inLanguage\":\"sv-SE\"},{\"@type\":\"WebPage\",\"@id\":\"https:\\\/\\\/driversfirst.eu\\\/sv\\\/news\\\/var-nya-sakerhetsparkering-oppnar-i-dag-i-malmo\\\/\",\"url\":\"https:\\\/\\\/driversfirst.eu\\\/sv\\\/news\\\/var-nya-sakerhetsparkering-oppnar-i-dag-i-malmo\\\/\",\"name\":\"V\u00e5r nya s\u00e4kerhetsparkering \u00f6ppnar i Malm\u00f6 idag! - Drivers First Security Parking\",\"isPartOf\":{\"@id\":\"https:\\\/\\\/driversfirst.eu\\\/sv\\\/#website\"},\"primaryImageOfPage\":{\"@id\":\"https:\\\/\\\/driversfirst.eu\\\/sv\\\/news\\\/var-nya-sakerhetsparkering-oppnar-i-dag-i-malmo\\\/#primaryimage\"},\"image\":{\"@id\":\"https:\\\/\\\/driversfirst.eu\\\/sv\\\/news\\\/var-nya-sakerhetsparkering-oppnar-i-dag-i-malmo\\\/#primaryimage\"},\"thumbnailUrl\":\"https:\\\/\\\/driversfirst.eu\\\/wp-content\\\/uploads\\\/2025\\\/12\\\/IMG_0693-scaled.jpeg\",\"datePublished\":\"2025-12-12T17:11:56+00:00\",\"dateModified\":\"2025-12-12T19:47:28+00:00\",\"breadcrumb\":{\"@id\":\"https:\\\/\\\/driversfirst.eu\\\/sv\\\/news\\\/var-nya-sakerhetsparkering-oppnar-i-dag-i-malmo\\\/#breadcrumb\"},\"inLanguage\":\"sv-SE\",\"potentialAction\":[{\"@type\":\"ReadAction\",\"target\":[\"https:\\\/\\\/driversfirst.eu\\\/sv\\\/news\\\/var-nya-sakerhetsparkering-oppnar-i-dag-i-malmo\\\/\"]}]},{\"@type\":\"ImageObject\",\"inLanguage\":\"sv-SE\",\"@id\":\"https:\\\/\\\/driversfirst.eu\\\/sv\\\/news\\\/var-nya-sakerhetsparkering-oppnar-i-dag-i-malmo\\\/#primaryimage\",\"url\":\"https:\\\/\\\/driversfirst.eu\\\/wp-content\\\/uploads\\\/2025\\\/12\\\/IMG_0693-scaled.jpeg\",\"contentUrl\":\"https:\\\/\\\/driversfirst.eu\\\/wp-content\\\/uploads\\\/2025\\\/12\\\/IMG_0693-scaled.jpeg\",\"width\":2560,\"height\":1920,\"caption\":\"Facilities\"},{\"@type\":\"BreadcrumbList\",\"@id\":\"https:\\\/\\\/driversfirst.eu\\\/sv\\\/news\\\/var-nya-sakerhetsparkering-oppnar-i-dag-i-malmo\\\/#breadcrumb\",\"itemListElement\":[{\"@type\":\"ListItem\",\"position\":1,\"name\":\"Hem\",\"item\":\"https:\\\/\\\/driversfirst.eu\\\/sv\\\/hem\\\/\"},{\"@type\":\"ListItem\",\"position\":2,\"name\":\"V\u00e5r nya s\u00e4kerhetsparkering \u00f6ppnar i Malm\u00f6 idag!\"}]},{\"@type\":\"WebSite\",\"@id\":\"https:\\\/\\\/driversfirst.eu\\\/sv\\\/#website\",\"url\":\"https:\\\/\\\/driversfirst.eu\\\/sv\\\/\",\"name\":\"Drivers First Security Parking\",\"description\":\"Secure full service truck stops\",\"publisher\":{\"@id\":\"https:\\\/\\\/driversfirst.eu\\\/sv\\\/#organization\"},\"potentialAction\":[{\"@type\":\"SearchAction\",\"target\":{\"@type\":\"EntryPoint\",\"urlTemplate\":\"https:\\\/\\\/driversfirst.eu\\\/sv\\\/?s={search_term_string}\"},\"query-input\":{\"@type\":\"PropertyValueSpecification\",\"valueRequired\":true,\"valueName\":\"search_term_string\"}}],\"inLanguage\":\"sv-SE\"},{\"@type\":\"Organization\",\"@id\":\"https:\\\/\\\/driversfirst.eu\\\/sv\\\/#organization\",\"name\":\"Drivers First Security Parking\",\"alternateName\":\"Drivers first\",\"url\":\"https:\\\/\\\/driversfirst.eu\\\/sv\\\/\",\"logo\":{\"@type\":\"ImageObject\",\"inLanguage\":\"sv-SE\",\"@id\":\"https:\\\/\\\/driversfirst.eu\\\/sv\\\/#\\\/schema\\\/logo\\\/image\\\/\",\"url\":\"https:\\\/\\\/driversfirst.eu\\\/wp-content\\\/uploads\\\/2025\\\/08\\\/drivers-first-security-parking-scaled.png\",\"contentUrl\":\"https:\\\/\\\/driversfirst.eu\\\/wp-content\\\/uploads\\\/2025\\\/08\\\/drivers-first-security-parking-scaled.png\",\"width\":2560,\"height\":490,\"caption\":\"Drivers First Security Parking\"},\"image\":{\"@id\":\"https:\\\/\\\/driversfirst.eu\\\/sv\\\/#\\\/schema\\\/logo\\\/image\\\/\"},\"sameAs\":[\"https:\\\/\\\/www.facebook.com\\\/p\\\/Drivers-First-61558688551720\\\/\",\"https:\\\/\\\/www.linkedin.com\\\/company\\\/driversfirst\"]},{\"@type\":\"Person\",\"@id\":\"https:\\\/\\\/driversfirst.eu\\\/sv\\\/#\\\/schema\\\/person\\\/89d2a52520d5fabd0ca0927348ee6dd0\",\"name\":\"admin\",\"image\":{\"@type\":\"ImageObject\",\"inLanguage\":\"sv-SE\",\"@id\":\"https:\\\/\\\/secure.gravatar.com\\\/avatar\\\/f570c8ee5492a8a1bd00d4eae858059eefc640db248e399d9394e0731b1504bf?s=96&d=mm&r=g\",\"url\":\"https:\\\/\\\/secure.gravatar.com\\\/avatar\\\/f570c8ee5492a8a1bd00d4eae858059eefc640db248e399d9394e0731b1504bf?s=96&d=mm&r=g\",\"contentUrl\":\"https:\\\/\\\/secure.gravatar.com\\\/avatar\\\/f570c8ee5492a8a1bd00d4eae858059eefc640db248e399d9394e0731b1504bf?s=96&d=mm&r=g\",\"caption\":\"admin\"},\"sameAs\":[\"https:\\\/\\\/driversfirst.eu\"]}]}<\/script>\n<!-- \/ Yoast SEO plugin. -->","yoast_head_json":{"title":"V\u00e5r nya s\u00e4kerhetsparkering \u00f6ppnar i Malm\u00f6 idag! - Drivers First Security Parking","robots":{"index":"index","follow":"follow","max-snippet":"max-snippet:-1","max-image-preview":"max-image-preview:large","max-video-preview":"max-video-preview:-1"},"canonical":"https:\/\/driversfirst.eu\/sv\/news\/var-nya-sakerhetsparkering-oppnar-i-dag-i-malmo\/","og_locale":"sv_SE","og_type":"article","og_title":"V\u00e5r nya s\u00e4kerhetsparkering \u00f6ppnar i Malm\u00f6 idag! - Drivers First Security Parking","og_description":"Ny s\u00e4ker lastbilsparkering \u00f6ppnar i Malm\u00f6Vi \u00e4r glada att meddela \u00f6ppningen av v\u00e5r helt nya s\u00e4kra lastbilsparkering i Malm\u00f6.Fr\u00e5n och med i dag, 12 december, \u00e4r anl\u00e4ggningen i Malm\u00f6 \u00f6ppen och du kan f\u00f6rhandsboka din plats online. Parkeringsanl\u00e4ggningen \u00e4r bekv\u00e4mt bel\u00e4gen n\u00e4ra flera restauranger och matst\u00e4llen, vilket g\u00f6r det enkelt f\u00f6r f\u00f6rare att njuta av [&hellip;]","og_url":"https:\/\/driversfirst.eu\/sv\/news\/var-nya-sakerhetsparkering-oppnar-i-dag-i-malmo\/","og_site_name":"Drivers First Security Parking","article_publisher":"https:\/\/www.facebook.com\/p\/Drivers-First-61558688551720\/","article_published_time":"2025-12-12T17:11:56+00:00","article_modified_time":"2025-12-12T19:47:28+00:00","og_image":[{"width":2560,"height":1920,"url":"https:\/\/driversfirst.eu\/wp-content\/uploads\/2025\/12\/IMG_0693-scaled.jpeg","type":"image\/jpeg"}],"author":"admin","twitter_card":"summary_large_image","twitter_misc":{"Skriven av":"admin","Ber\u00e4knad l\u00e4stid":"1 minut"},"schema":{"@context":"https:\/\/schema.org","@graph":[{"@type":"Article","@id":"https:\/\/driversfirst.eu\/sv\/news\/var-nya-sakerhetsparkering-oppnar-i-dag-i-malmo\/#article","isPartOf":{"@id":"https:\/\/driversfirst.eu\/sv\/news\/var-nya-sakerhetsparkering-oppnar-i-dag-i-malmo\/"},"author":{"name":"admin","@id":"https:\/\/driversfirst.eu\/sv\/#\/schema\/person\/89d2a52520d5fabd0ca0927348ee6dd0"},"headline":"V\u00e5r nya s\u00e4kerhetsparkering \u00f6ppnar i Malm\u00f6 idag!","datePublished":"2025-12-12T17:11:56+00:00","dateModified":"2025-12-12T19:47:28+00:00","mainEntityOfPage":{"@id":"https:\/\/driversfirst.eu\/sv\/news\/var-nya-sakerhetsparkering-oppnar-i-dag-i-malmo\/"},"wordCount":268,"publisher":{"@id":"https:\/\/driversfirst.eu\/sv\/#organization"},"image":{"@id":"https:\/\/driversfirst.eu\/sv\/news\/var-nya-sakerhetsparkering-oppnar-i-dag-i-malmo\/#primaryimage"},"thumbnailUrl":"https:\/\/driversfirst.eu\/wp-content\/uploads\/2025\/12\/IMG_0693-scaled.jpeg","articleSection":["Okategoriserat"],"inLanguage":"sv-SE"},{"@type":"WebPage","@id":"https:\/\/driversfirst.eu\/sv\/news\/var-nya-sakerhetsparkering-oppnar-i-dag-i-malmo\/","url":"https:\/\/driversfirst.eu\/sv\/news\/var-nya-sakerhetsparkering-oppnar-i-dag-i-malmo\/","name":"V\u00e5r nya s\u00e4kerhetsparkering \u00f6ppnar i Malm\u00f6 idag! - Drivers First Security Parking","isPartOf":{"@id":"https:\/\/driversfirst.eu\/sv\/#website"},"primaryImageOfPage":{"@id":"https:\/\/driversfirst.eu\/sv\/news\/var-nya-sakerhetsparkering-oppnar-i-dag-i-malmo\/#primaryimage"},"image":{"@id":"https:\/\/driversfirst.eu\/sv\/news\/var-nya-sakerhetsparkering-oppnar-i-dag-i-malmo\/#primaryimage"},"thumbnailUrl":"https:\/\/driversfirst.eu\/wp-content\/uploads\/2025\/12\/IMG_0693-scaled.jpeg","datePublished":"2025-12-12T17:11:56+00:00","dateModified":"2025-12-12T19:47:28+00:00","breadcrumb":{"@id":"https:\/\/driversfirst.eu\/sv\/news\/var-nya-sakerhetsparkering-oppnar-i-dag-i-malmo\/#breadcrumb"},"inLanguage":"sv-SE","potentialAction":[{"@type":"ReadAction","target":["https:\/\/driversfirst.eu\/sv\/news\/var-nya-sakerhetsparkering-oppnar-i-dag-i-malmo\/"]}]},{"@type":"ImageObject","inLanguage":"sv-SE","@id":"https:\/\/driversfirst.eu\/sv\/news\/var-nya-sakerhetsparkering-oppnar-i-dag-i-malmo\/#primaryimage","url":"https:\/\/driversfirst.eu\/wp-content\/uploads\/2025\/12\/IMG_0693-scaled.jpeg","contentUrl":"https:\/\/driversfirst.eu\/wp-content\/uploads\/2025\/12\/IMG_0693-scaled.jpeg","width":2560,"height":1920,"caption":"Facilities"},{"@type":"BreadcrumbList","@id":"https:\/\/driversfirst.eu\/sv\/news\/var-nya-sakerhetsparkering-oppnar-i-dag-i-malmo\/#breadcrumb","itemListElement":[{"@type":"ListItem","position":1,"name":"Hem","item":"https:\/\/driversfirst.eu\/sv\/hem\/"},{"@type":"ListItem","position":2,"name":"V\u00e5r nya s\u00e4kerhetsparkering \u00f6ppnar i Malm\u00f6 idag!"}]},{"@type":"WebSite","@id":"https:\/\/driversfirst.eu\/sv\/#website","url":"https:\/\/driversfirst.eu\/sv\/","name":"Drivers First Security Parking","description":"Secure full service truck stops","publisher":{"@id":"https:\/\/driversfirst.eu\/sv\/#organization"},"potentialAction":[{"@type":"SearchAction","target":{"@type":"EntryPoint","urlTemplate":"https:\/\/driversfirst.eu\/sv\/?s={search_term_string}"},"query-input":{"@type":"PropertyValueSpecification","valueRequired":true,"valueName":"search_term_string"}}],"inLanguage":"sv-SE"},{"@type":"Organization","@id":"https:\/\/driversfirst.eu\/sv\/#organization","name":"Drivers First Security Parking","alternateName":"Drivers first","url":"https:\/\/driversfirst.eu\/sv\/","logo":{"@type":"ImageObject","inLanguage":"sv-SE","@id":"https:\/\/driversfirst.eu\/sv\/#\/schema\/logo\/image\/","url":"https:\/\/driversfirst.eu\/wp-content\/uploads\/2025\/08\/drivers-first-security-parking-scaled.png","contentUrl":"https:\/\/driversfirst.eu\/wp-content\/uploads\/2025\/08\/drivers-first-security-parking-scaled.png","width":2560,"height":490,"caption":"Drivers First Security Parking"},"image":{"@id":"https:\/\/driversfirst.eu\/sv\/#\/schema\/logo\/image\/"},"sameAs":["https:\/\/www.facebook.com\/p\/Drivers-First-61558688551720\/","https:\/\/www.linkedin.com\/company\/driversfirst"]},{"@type":"Person","@id":"https:\/\/driversfirst.eu\/sv\/#\/schema\/person\/89d2a52520d5fabd0ca0927348ee6dd0","name":"admin","image":{"@type":"ImageObject","inLanguage":"sv-SE","@id":"https:\/\/secure.gravatar.com\/avatar\/f570c8ee5492a8a1bd00d4eae858059eefc640db248e399d9394e0731b1504bf?s=96&d=mm&r=g","url":"https:\/\/secure.gravatar.com\/avatar\/f570c8ee5492a8a1bd00d4eae858059eefc640db248e399d9394e0731b1504bf?s=96&d=mm&r=g","contentUrl":"https:\/\/secure.gravatar.com\/avatar\/f570c8ee5492a8a1bd00d4eae858059eefc640db248e399d9394e0731b1504bf?s=96&d=mm&r=g","caption":"admin"},"sameAs":["https:\/\/driversfirst.eu"]}]}},"_links":{"self":[{"href":"https:\/\/driversfirst.eu\/sv\/wp-json\/wp\/v2\/posts\/6484","targetHints":{"allow":["GET"]}}],"collection":[{"href":"https:\/\/driversfirst.eu\/sv\/wp-json\/wp\/v2\/posts"}],"about":[{"href":"https:\/\/driversfirst.eu\/sv\/wp-json\/wp\/v2\/types\/post"}],"author":[{"embeddable":true,"href":"https:\/\/driversfirst.eu\/sv\/wp-json\/wp\/v2\/users\/1"}],"replies":[{"embeddable":true,"href":"https:\/\/driversfirst.eu\/sv\/wp-json\/wp\/v2\/comments?post=6484"}],"version-history":[{"count":5,"href":"https:\/\/driversfirst.eu\/sv\/wp-json\/wp\/v2\/posts\/6484\/revisions"}],"predecessor-version":[{"id":6503,"href":"https:\/\/driversfirst.eu\/sv\/wp-json\/wp\/v2\/posts\/6484\/revisions\/6503"}],"wp:featuredmedia":[{"embeddable":true,"href":"https:\/\/driversfirst.eu\/sv\/wp-json\/wp\/v2\/media\/6103"}],"wp:attachment":[{"href":"https:\/\/driversfirst.eu\/sv\/wp-json\/wp\/v2\/media?parent=6484"}],"wp:term":[{"taxonomy":"category","embeddable":true,"href":"https:\/\/driversfirst.eu\/sv\/wp-json\/wp\/v2\/categories?post=6484"},{"taxonomy":"post_tag","embeddable":true,"href":"https:\/\/driversfirst.eu\/sv\/wp-json\/wp\/v2\/tags?post=6484"}],"curies":[{"name":"wp","href":"https:\/\/api.w.org\/{rel}","templated":true}]}}