{"id":13438,"date":"2026-09-01T08:00:00","date_gmt":"2026-09-01T06:00:00","guid":{"rendered":"https:\/\/driversfirst.eu\/news\/nu-ar-det-igang-service-under-viloperioder-finns-tillganglig-i-malmo-och-eskilstuna\/"},"modified":"2026-09-02T21:47:52","modified_gmt":"2026-09-02T19:47:52","slug":"nu-ar-det-igang-service-under-viloperioder-finns-tillganglig-i-malmo-och-eskilstuna","status":"publish","type":"post","link":"https:\/\/driversfirst.eu\/sv\/news\/nu-ar-det-igang-service-under-viloperioder-finns-tillganglig-i-malmo-och-eskilstuna\/","title":{"rendered":"Nu \u00e4r det ig\u00e5ng: Service under viloperioder finns tillg\u00e4nglig i Malm\u00f6, J\u00f6nk\u00f6ping och Eskilstuna"},"content":{"rendered":"\n<p class=\"wp-block-paragraph\"><strong>Drivers First och Road Mobility Services har lanserat sin gemensamma tj\u00e4nst \u2013 service och underh\u00e5ll utf\u00f6rs nu p\u00e5 plats medan f\u00f6raren vilar. Transportf\u00f6retag kan boka tj\u00e4nsten fr\u00e5n och med i dag. <\/strong><\/p>\n\n<p class=\"wp-block-paragraph\"><a href=\"https:\/\/driversfirst.eu\/sv\/road-mobility-services\/\" data-type=\"page\" data-id=\"7197\">Tj\u00e4nsten<\/a> finns tillg\u00e4nglig p\u00e5 Drivers First-anl\u00e4ggningar i <strong>Malm\u00f6<\/strong> och <strong>Eskilstuna<\/strong>. Fler anl\u00e4ggningar tillkommer under \u00e5ret. <\/p>\n\n<hr class=\"wp-block-separator has-alpha-channel-opacity\"\/>\n\n<h2 class=\"wp-block-heading\">S\u00e5 fungerar det i praktiken<\/h2>\n\n<ol class=\"wp-block-list\">\n<li><strong>Ring<\/strong> <a>+46 75 75 75 909<\/a> (dygnet runt) \u2013 g\u00e4rna n\u00e4r \u00f6vernattningen bokas. Ni kan ocks\u00e5 mejla <strong><a>EBS@eubrse.com<\/a><\/strong>. <\/li>\n\n\n\n<li><strong>Ange<\/strong> fordonsuppgifter, vad som beh\u00f6ver g\u00f6ras och n\u00e4r ni kommer att vara p\u00e5 anl\u00e4ggningen.<\/li>\n\n\n\n<li>Vi <strong>bekr\u00e4ftar<\/strong> bokningen och kommer \u00f6verens om betalning (faktura f\u00f6r avtalskunder, annars en betalningsl\u00e4nk).<\/li>\n\n\n\n<li>Arbetet utf\u00f6rs p\u00e5 parkeringsomr\u00e5det medan f\u00f6raren tar sin viloperiod, och fakturan utf\u00e4rdas direkt av Road Mobility Services.<\/li>\n<\/ol>\n\n<p class=\"wp-block-paragraph\">Medan f\u00f6raren vilar p\u00e5 Drivers First inh\u00e4gnade och \u00f6vervakade anl\u00e4ggning (minst 11 timmar f\u00f6r dygnsvila, upp till 45 timmar f\u00f6r veckovila) kommer Road Mobility Services till platsen f\u00f6r att utf\u00f6ra service, underh\u00e5ll eller mindre reparationer.<\/p>\n\n<p class=\"wp-block-paragraph\">N\u00e4r f\u00f6raren \u00e4r redo att forts\u00e4tta resan \u00e4r fordonet fullt servat och redo f\u00f6r n\u00e4sta k\u00f6rning.<\/p>\n\n<hr class=\"wp-block-separator has-alpha-channel-opacity\"\/>\n\n<h2 class=\"wp-block-heading\">Vad kan ni f\u00e5 gjort?<\/h2>\n\n<ul class=\"wp-block-list\">\n<li>Kontroll av d\u00e4cktryck och d\u00e4ckbyte<\/li>\n\n\n\n<li>P\u00e5fyllning av v\u00e4tskor<\/li>\n\n\n\n<li>Reparation\/service av luft- och hydraulsystem<\/li>\n\n\n\n<li>Reparation\/service av elsystem<\/li>\n\n\n\n<li>Reparation av kapell<\/li>\n\n\n\n<li>Funktionskontroller av lyftutrustning<\/li>\n<\/ul>\n\n<p class=\"wp-block-paragraph\"><em>Ytterligare tj\u00e4nster kommer att l\u00e4ggas till utifr\u00e5n efterfr\u00e5gan.<\/em><\/p>\n\n<hr class=\"wp-block-separator has-alpha-channel-opacity\"\/>\n\n<h2 class=\"wp-block-heading\">Fyra viktiga f\u00f6rdelar<\/h2>\n\n<p class=\"wp-block-paragraph\"><strong>Ingen extra stillest\u00e5ndstid<\/strong> \u2013 servicen utf\u00f6rs under den tid fordonet redan st\u00e5r parkerat<br\/><strong>Inga resor till verkstaden<\/strong> \u2013 allt arbete utf\u00f6rs p\u00e5 plats<br\/><strong>Trygghet f\u00f6r f\u00f6rare och last<\/strong> \u2013 fordonet st\u00e5r kvar p\u00e5 en inh\u00e4gnad och \u00f6vervakad anl\u00e4ggning<br\/><strong>F\u00f6renklad administration<\/strong> \u2013 parkering och service bokas i ett steg, och Road Mobility Services fakturerar direkt<\/p>\n\n<hr class=\"wp-block-separator has-alpha-channel-opacity\"\/>\n\n<h2 class=\"wp-block-heading\">Vad s\u00e4ger v\u00e5ra representanter?<\/h2>\n\n<blockquote class=\"wp-block-quote is-layout-flow wp-block-quote-is-layout-flow\">\n<p class=\"wp-block-paragraph\"><em>\u201cNu \u00e4r vi ig\u00e5ng. Det h\u00e4r \u00e4r det f\u00f6rsta steget mot att bygga en robust transportinfrastruktur \u2013 f\u00f6r oavbrutna leveranskedjor. Fr\u00e5n och med i dag kan v\u00e5ra kunder boka fordonsservice i samband med sin parkeringsvistelse \u2013 hos oss p\u00e5 Drivers First.\u201d<\/em><br\/><strong>\u2013 Johanna Holm\u00e9n, CCO, Drivers First<\/strong><\/p>\n<\/blockquote>\n\n<blockquote class=\"wp-block-quote is-layout-flow wp-block-quote-is-layout-flow\">\n<p class=\"wp-block-paragraph\"><em>\u201cVi finns p\u00e5 plats hos Drivers First. Medan f\u00f6raren vilar servar vi fordonet \u2013 utan extra stillest\u00e5ndstid och utan on\u00f6diga resor till en verkstad. Det h\u00e4r \u00e4r en riktig game changer f\u00f6r transportbranschen.\u201d<\/em><br\/><strong>\u2013 Markku Reinikainen, Group COO, Road Mobility Services<\/strong><\/p>\n<\/blockquote>\n\n<hr class=\"wp-block-separator has-alpha-channel-opacity\"\/>\n\n<h2 class=\"wp-block-heading\">Boka eller kontakta oss<\/h2>\n\n<p class=\"wp-block-paragraph\">Kontakta oss f\u00f6r att boka eller f\u00f6r mer information:<\/p>\n\n<p class=\"wp-block-paragraph\"><strong>Johanna Holm\u00e9n, CCO, Drivers First<\/strong><br\/>\ud83d\udcde <a>+46 735 39 35 11<\/a><br\/>\ud83d\udce7 <a href=\"mailto:johanna.holmen@driversfirst.eu\">johanna.holmen@driversfirst.eu<\/a><\/p>\n\n<p class=\"wp-block-paragraph\"><strong>Markku Reinikainen, Group COO, Road Mobility Services<\/strong><br\/>\ud83d\udcde <a>+46 72 245 3500<\/a><br\/>\ud83d\udce7 <a href=\"mailto:markku.reinikainen@rmsgroup.se\">markku.reinikainen@rmsgroup.se<\/a><\/p>\n\n<hr class=\"wp-block-separator has-alpha-channel-opacity\"\/>\n\n<h2 class=\"wp-block-heading\">Om f\u00f6retagen<\/h2>\n\n<p class=\"wp-block-paragraph\"><strong>Drivers First<\/strong> \u00e4r ett svenskt f\u00f6retag som utvecklar och driver moderna rastplatser med fokus p\u00e5 s\u00e4kerhet, komfort och arbetsvillkor f\u00f6r yrkesf\u00f6rare. Genom s\u00e4ker parkering, rena faciliteter och digitala l\u00f6sningar skapar vi en standardiserad modell som g\u00f6r skillnad f\u00f6r f\u00f6rare, transportf\u00f6retag och de kommuner d\u00e4r vi etablerar v\u00e5r verksamhet. <\/p>\n\n<p class=\"wp-block-paragraph\"><strong>Road Mobility Services<\/strong> \u00e4r en ledande nordisk leverant\u00f6r av d\u00e4cktj\u00e4nster, v\u00e4gassistans, b\u00e4rgning, sl\u00e4pvagnsunderh\u00e5ll och verkstadstj\u00e4nster f\u00f6r b\u00e5de l\u00e4tta och tunga fordon. Med ett snabbt v\u00e4xande n\u00e4tverk i Sverige, Finland och Danmark s\u00e4kerst\u00e4ller vi att v\u00e5ra kunder \u2013 fr\u00e5n stora logistikakt\u00f6rer till privata bilister \u2013 alltid kan h\u00e5lla hjulen rullande med minimal stillest\u00e5ndstid. <\/p>\n","protected":false},"excerpt":{"rendered":"<p>Drivers First och Road Mobility Services har lanserat sin gemensamma tj\u00e4nst \u2013 service och underh\u00e5ll utf\u00f6rs nu p\u00e5 plats medan f\u00f6raren vilar. Transportf\u00f6retag kan boka tj\u00e4nsten fr\u00e5n och med i dag. Tj\u00e4nsten finns tillg\u00e4nglig p\u00e5 Drivers First-anl\u00e4ggningar i Malm\u00f6 och Eskilstuna. Fler anl\u00e4ggningar tillkommer under \u00e5ret. S\u00e5 fungerar det i praktiken Medan f\u00f6raren vilar p\u00e5 [&hellip;]<\/p>\n","protected":false},"author":5,"featured_media":4509,"comment_status":"closed","ping_status":"open","sticky":false,"template":"","format":"standard","meta":{"inline_featured_image":false,"footnotes":""},"categories":[97],"tags":[],"class_list":["post-13438","post","type-post","status-publish","format-standard","has-post-thumbnail","hentry","category-okategoriserat"],"yoast_head":"<!-- This site is optimized with the Yoast SEO plugin v28.3 - https:\/\/yoast.com\/product\/yoast-seo-wordpress\/ -->\n<title>Nu \u00e4r det ig\u00e5ng: Service under viloperioder finns tillg\u00e4nglig i Malm\u00f6, J\u00f6nk\u00f6ping och Eskilstuna - Drivers First Security Parking<\/title>\n<meta name=\"robots\" content=\"index, follow, max-snippet:-1, max-image-preview:large, max-video-preview:-1\" \/>\n<link rel=\"canonical\" href=\"https:\/\/driversfirst.eu\/sv\/news\/nu-ar-det-igang-service-under-viloperioder-finns-tillganglig-i-malmo-och-eskilstuna\/\" \/>\n<meta property=\"og:locale\" content=\"sv_SE\" \/>\n<meta property=\"og:type\" content=\"article\" \/>\n<meta property=\"og:title\" content=\"Nu \u00e4r det ig\u00e5ng: Service under viloperioder finns tillg\u00e4nglig i Malm\u00f6, J\u00f6nk\u00f6ping och Eskilstuna - Drivers First Security Parking\" \/>\n<meta property=\"og:description\" content=\"Drivers First och Road Mobility Services har lanserat sin gemensamma tj\u00e4nst \u2013 service och underh\u00e5ll utf\u00f6rs nu p\u00e5 plats medan f\u00f6raren vilar. Transportf\u00f6retag kan boka tj\u00e4nsten fr\u00e5n och med i dag. Tj\u00e4nsten finns tillg\u00e4nglig p\u00e5 Drivers First-anl\u00e4ggningar i Malm\u00f6 och Eskilstuna. Fler anl\u00e4ggningar tillkommer under \u00e5ret. S\u00e5 fungerar det i praktiken Medan f\u00f6raren vilar p\u00e5 [&hellip;]\" \/>\n<meta property=\"og:url\" content=\"https:\/\/driversfirst.eu\/sv\/news\/nu-ar-det-igang-service-under-viloperioder-finns-tillganglig-i-malmo-och-eskilstuna\/\" \/>\n<meta property=\"og:site_name\" content=\"Drivers First Security Parking\" \/>\n<meta property=\"article:publisher\" content=\"https:\/\/www.facebook.com\/p\/Drivers-First-61558688551720\/\" \/>\n<meta property=\"article:published_time\" content=\"2026-09-01T06:00:00+00:00\" \/>\n<meta property=\"article:modified_time\" content=\"2026-09-02T19:47:52+00:00\" \/>\n<meta property=\"og:image\" content=\"https:\/\/driversfirst.eu\/wp-content\/uploads\/2025\/09\/RMS_Logotyp_2col-scaled-1.png\" \/>\n\t<meta property=\"og:image:width\" content=\"2560\" \/>\n\t<meta property=\"og:image:height\" content=\"950\" \/>\n\t<meta property=\"og:image:type\" content=\"image\/png\" \/>\n<meta name=\"author\" content=\"admin\" \/>\n<meta name=\"twitter:card\" content=\"summary_large_image\" \/>\n<meta name=\"twitter:label1\" content=\"Skriven av\" \/>\n\t<meta name=\"twitter:data1\" content=\"admin\" \/>\n\t<meta name=\"twitter:label2\" content=\"Ber\u00e4knad l\u00e4stid\" \/>\n\t<meta name=\"twitter:data2\" content=\"3 minut\" \/>\n<script type=\"application\/ld+json\" class=\"yoast-schema-graph\">{\"@context\":\"https:\\\/\\\/schema.org\",\"@graph\":[{\"@type\":\"Article\",\"@id\":\"https:\\\/\\\/driversfirst.eu\\\/sv\\\/news\\\/nu-ar-det-igang-service-under-viloperioder-finns-tillganglig-i-malmo-och-eskilstuna\\\/#article\",\"isPartOf\":{\"@id\":\"https:\\\/\\\/driversfirst.eu\\\/sv\\\/news\\\/nu-ar-det-igang-service-under-viloperioder-finns-tillganglig-i-malmo-och-eskilstuna\\\/\"},\"author\":{\"name\":\"admin\",\"@id\":\"https:\\\/\\\/driversfirst.eu\\\/sv\\\/#\\\/schema\\\/person\\\/6a4949ce88958aeaaefb15fd02995817\"},\"headline\":\"Nu \u00e4r det ig\u00e5ng: Service under viloperioder finns tillg\u00e4nglig i Malm\u00f6, J\u00f6nk\u00f6ping och Eskilstuna\",\"datePublished\":\"2026-09-01T06:00:00+00:00\",\"dateModified\":\"2026-09-02T19:47:52+00:00\",\"mainEntityOfPage\":{\"@id\":\"https:\\\/\\\/driversfirst.eu\\\/sv\\\/news\\\/nu-ar-det-igang-service-under-viloperioder-finns-tillganglig-i-malmo-och-eskilstuna\\\/\"},\"wordCount\":593,\"publisher\":{\"@id\":\"https:\\\/\\\/driversfirst.eu\\\/sv\\\/#organization\"},\"image\":{\"@id\":\"https:\\\/\\\/driversfirst.eu\\\/sv\\\/news\\\/nu-ar-det-igang-service-under-viloperioder-finns-tillganglig-i-malmo-och-eskilstuna\\\/#primaryimage\"},\"thumbnailUrl\":\"https:\\\/\\\/driversfirst.eu\\\/wp-content\\\/uploads\\\/2025\\\/09\\\/RMS_Logotyp_2col-scaled-1.png\",\"articleSection\":[\"Okategoriserat\"],\"inLanguage\":\"sv-SE\"},{\"@type\":\"WebPage\",\"@id\":\"https:\\\/\\\/driversfirst.eu\\\/sv\\\/news\\\/nu-ar-det-igang-service-under-viloperioder-finns-tillganglig-i-malmo-och-eskilstuna\\\/\",\"url\":\"https:\\\/\\\/driversfirst.eu\\\/sv\\\/news\\\/nu-ar-det-igang-service-under-viloperioder-finns-tillganglig-i-malmo-och-eskilstuna\\\/\",\"name\":\"Nu \u00e4r det ig\u00e5ng: Service under viloperioder finns tillg\u00e4nglig i Malm\u00f6, J\u00f6nk\u00f6ping och Eskilstuna - Drivers First Security Parking\",\"isPartOf\":{\"@id\":\"https:\\\/\\\/driversfirst.eu\\\/sv\\\/#website\"},\"primaryImageOfPage\":{\"@id\":\"https:\\\/\\\/driversfirst.eu\\\/sv\\\/news\\\/nu-ar-det-igang-service-under-viloperioder-finns-tillganglig-i-malmo-och-eskilstuna\\\/#primaryimage\"},\"image\":{\"@id\":\"https:\\\/\\\/driversfirst.eu\\\/sv\\\/news\\\/nu-ar-det-igang-service-under-viloperioder-finns-tillganglig-i-malmo-och-eskilstuna\\\/#primaryimage\"},\"thumbnailUrl\":\"https:\\\/\\\/driversfirst.eu\\\/wp-content\\\/uploads\\\/2025\\\/09\\\/RMS_Logotyp_2col-scaled-1.png\",\"datePublished\":\"2026-09-01T06:00:00+00:00\",\"dateModified\":\"2026-09-02T19:47:52+00:00\",\"breadcrumb\":{\"@id\":\"https:\\\/\\\/driversfirst.eu\\\/sv\\\/news\\\/nu-ar-det-igang-service-under-viloperioder-finns-tillganglig-i-malmo-och-eskilstuna\\\/#breadcrumb\"},\"inLanguage\":\"sv-SE\",\"potentialAction\":[{\"@type\":\"ReadAction\",\"target\":[\"https:\\\/\\\/driversfirst.eu\\\/sv\\\/news\\\/nu-ar-det-igang-service-under-viloperioder-finns-tillganglig-i-malmo-och-eskilstuna\\\/\"]}]},{\"@type\":\"ImageObject\",\"inLanguage\":\"sv-SE\",\"@id\":\"https:\\\/\\\/driversfirst.eu\\\/sv\\\/news\\\/nu-ar-det-igang-service-under-viloperioder-finns-tillganglig-i-malmo-och-eskilstuna\\\/#primaryimage\",\"url\":\"https:\\\/\\\/driversfirst.eu\\\/wp-content\\\/uploads\\\/2025\\\/09\\\/RMS_Logotyp_2col-scaled-1.png\",\"contentUrl\":\"https:\\\/\\\/driversfirst.eu\\\/wp-content\\\/uploads\\\/2025\\\/09\\\/RMS_Logotyp_2col-scaled-1.png\",\"width\":2560,\"height\":950},{\"@type\":\"BreadcrumbList\",\"@id\":\"https:\\\/\\\/driversfirst.eu\\\/sv\\\/news\\\/nu-ar-det-igang-service-under-viloperioder-finns-tillganglig-i-malmo-och-eskilstuna\\\/#breadcrumb\",\"itemListElement\":[{\"@type\":\"ListItem\",\"position\":1,\"name\":\"Hem\",\"item\":\"https:\\\/\\\/driversfirst.eu\\\/sv\\\/hem\\\/\"},{\"@type\":\"ListItem\",\"position\":2,\"name\":\"Nu \u00e4r det ig\u00e5ng: Service under viloperioder finns tillg\u00e4nglig i Malm\u00f6, J\u00f6nk\u00f6ping och Eskilstuna\"}]},{\"@type\":\"WebSite\",\"@id\":\"https:\\\/\\\/driversfirst.eu\\\/sv\\\/#website\",\"url\":\"https:\\\/\\\/driversfirst.eu\\\/sv\\\/\",\"name\":\"Drivers First Security Parking\",\"description\":\"Secure full service truck stops\",\"publisher\":{\"@id\":\"https:\\\/\\\/driversfirst.eu\\\/sv\\\/#organization\"},\"potentialAction\":[{\"@type\":\"SearchAction\",\"target\":{\"@type\":\"EntryPoint\",\"urlTemplate\":\"https:\\\/\\\/driversfirst.eu\\\/sv\\\/?s={search_term_string}\"},\"query-input\":{\"@type\":\"PropertyValueSpecification\",\"valueRequired\":true,\"valueName\":\"search_term_string\"}}],\"inLanguage\":\"sv-SE\"},{\"@type\":\"Organization\",\"@id\":\"https:\\\/\\\/driversfirst.eu\\\/sv\\\/#organization\",\"name\":\"Drivers First Security Parking\",\"alternateName\":\"Drivers first\",\"url\":\"https:\\\/\\\/driversfirst.eu\\\/sv\\\/\",\"logo\":{\"@type\":\"ImageObject\",\"inLanguage\":\"sv-SE\",\"@id\":\"https:\\\/\\\/driversfirst.eu\\\/sv\\\/#\\\/schema\\\/logo\\\/image\\\/\",\"url\":\"https:\\\/\\\/driversfirst.eu\\\/wp-content\\\/uploads\\\/2025\\\/08\\\/drivers-first-security-parking-scaled.png\",\"contentUrl\":\"https:\\\/\\\/driversfirst.eu\\\/wp-content\\\/uploads\\\/2025\\\/08\\\/drivers-first-security-parking-scaled.png\",\"width\":2560,\"height\":490,\"caption\":\"Drivers First Security Parking\"},\"image\":{\"@id\":\"https:\\\/\\\/driversfirst.eu\\\/sv\\\/#\\\/schema\\\/logo\\\/image\\\/\"},\"sameAs\":[\"https:\\\/\\\/www.facebook.com\\\/p\\\/Drivers-First-61558688551720\\\/\",\"https:\\\/\\\/www.linkedin.com\\\/company\\\/driversfirst\"]},{\"@type\":\"Person\",\"@id\":\"https:\\\/\\\/driversfirst.eu\\\/sv\\\/#\\\/schema\\\/person\\\/6a4949ce88958aeaaefb15fd02995817\",\"name\":\"admin\",\"image\":{\"@type\":\"ImageObject\",\"inLanguage\":\"sv-SE\",\"@id\":\"https:\\\/\\\/secure.gravatar.com\\\/avatar\\\/f570c8ee5492a8a1bd00d4eae858059eefc640db248e399d9394e0731b1504bf?s=96&d=mm&r=g\",\"url\":\"https:\\\/\\\/secure.gravatar.com\\\/avatar\\\/f570c8ee5492a8a1bd00d4eae858059eefc640db248e399d9394e0731b1504bf?s=96&d=mm&r=g\",\"contentUrl\":\"https:\\\/\\\/secure.gravatar.com\\\/avatar\\\/f570c8ee5492a8a1bd00d4eae858059eefc640db248e399d9394e0731b1504bf?s=96&d=mm&r=g\",\"caption\":\"admin\"},\"sameAs\":[\"https:\\\/\\\/driversfirst.eu\"]}]}<\/script>\n<!-- \/ Yoast SEO plugin. -->","yoast_head_json":{"title":"Nu \u00e4r det ig\u00e5ng: Service under viloperioder finns tillg\u00e4nglig i Malm\u00f6, J\u00f6nk\u00f6ping och Eskilstuna - Drivers First Security Parking","robots":{"index":"index","follow":"follow","max-snippet":"max-snippet:-1","max-image-preview":"max-image-preview:large","max-video-preview":"max-video-preview:-1"},"canonical":"https:\/\/driversfirst.eu\/sv\/news\/nu-ar-det-igang-service-under-viloperioder-finns-tillganglig-i-malmo-och-eskilstuna\/","og_locale":"sv_SE","og_type":"article","og_title":"Nu \u00e4r det ig\u00e5ng: Service under viloperioder finns tillg\u00e4nglig i Malm\u00f6, J\u00f6nk\u00f6ping och Eskilstuna - Drivers First Security Parking","og_description":"Drivers First och Road Mobility Services har lanserat sin gemensamma tj\u00e4nst \u2013 service och underh\u00e5ll utf\u00f6rs nu p\u00e5 plats medan f\u00f6raren vilar. Transportf\u00f6retag kan boka tj\u00e4nsten fr\u00e5n och med i dag. Tj\u00e4nsten finns tillg\u00e4nglig p\u00e5 Drivers First-anl\u00e4ggningar i Malm\u00f6 och Eskilstuna. Fler anl\u00e4ggningar tillkommer under \u00e5ret. S\u00e5 fungerar det i praktiken Medan f\u00f6raren vilar p\u00e5 [&hellip;]","og_url":"https:\/\/driversfirst.eu\/sv\/news\/nu-ar-det-igang-service-under-viloperioder-finns-tillganglig-i-malmo-och-eskilstuna\/","og_site_name":"Drivers First Security Parking","article_publisher":"https:\/\/www.facebook.com\/p\/Drivers-First-61558688551720\/","article_published_time":"2026-09-01T06:00:00+00:00","article_modified_time":"2026-09-02T19:47:52+00:00","og_image":[{"width":2560,"height":950,"url":"https:\/\/driversfirst.eu\/wp-content\/uploads\/2025\/09\/RMS_Logotyp_2col-scaled-1.png","type":"image\/png"}],"author":"admin","twitter_card":"summary_large_image","twitter_misc":{"Skriven av":"admin","Ber\u00e4knad l\u00e4stid":"3 minut"},"schema":{"@context":"https:\/\/schema.org","@graph":[{"@type":"Article","@id":"https:\/\/driversfirst.eu\/sv\/news\/nu-ar-det-igang-service-under-viloperioder-finns-tillganglig-i-malmo-och-eskilstuna\/#article","isPartOf":{"@id":"https:\/\/driversfirst.eu\/sv\/news\/nu-ar-det-igang-service-under-viloperioder-finns-tillganglig-i-malmo-och-eskilstuna\/"},"author":{"name":"admin","@id":"https:\/\/driversfirst.eu\/sv\/#\/schema\/person\/6a4949ce88958aeaaefb15fd02995817"},"headline":"Nu \u00e4r det ig\u00e5ng: Service under viloperioder finns tillg\u00e4nglig i Malm\u00f6, J\u00f6nk\u00f6ping och Eskilstuna","datePublished":"2026-09-01T06:00:00+00:00","dateModified":"2026-09-02T19:47:52+00:00","mainEntityOfPage":{"@id":"https:\/\/driversfirst.eu\/sv\/news\/nu-ar-det-igang-service-under-viloperioder-finns-tillganglig-i-malmo-och-eskilstuna\/"},"wordCount":593,"publisher":{"@id":"https:\/\/driversfirst.eu\/sv\/#organization"},"image":{"@id":"https:\/\/driversfirst.eu\/sv\/news\/nu-ar-det-igang-service-under-viloperioder-finns-tillganglig-i-malmo-och-eskilstuna\/#primaryimage"},"thumbnailUrl":"https:\/\/driversfirst.eu\/wp-content\/uploads\/2025\/09\/RMS_Logotyp_2col-scaled-1.png","articleSection":["Okategoriserat"],"inLanguage":"sv-SE"},{"@type":"WebPage","@id":"https:\/\/driversfirst.eu\/sv\/news\/nu-ar-det-igang-service-under-viloperioder-finns-tillganglig-i-malmo-och-eskilstuna\/","url":"https:\/\/driversfirst.eu\/sv\/news\/nu-ar-det-igang-service-under-viloperioder-finns-tillganglig-i-malmo-och-eskilstuna\/","name":"Nu \u00e4r det ig\u00e5ng: Service under viloperioder finns tillg\u00e4nglig i Malm\u00f6, J\u00f6nk\u00f6ping och Eskilstuna - Drivers First Security Parking","isPartOf":{"@id":"https:\/\/driversfirst.eu\/sv\/#website"},"primaryImageOfPage":{"@id":"https:\/\/driversfirst.eu\/sv\/news\/nu-ar-det-igang-service-under-viloperioder-finns-tillganglig-i-malmo-och-eskilstuna\/#primaryimage"},"image":{"@id":"https:\/\/driversfirst.eu\/sv\/news\/nu-ar-det-igang-service-under-viloperioder-finns-tillganglig-i-malmo-och-eskilstuna\/#primaryimage"},"thumbnailUrl":"https:\/\/driversfirst.eu\/wp-content\/uploads\/2025\/09\/RMS_Logotyp_2col-scaled-1.png","datePublished":"2026-09-01T06:00:00+00:00","dateModified":"2026-09-02T19:47:52+00:00","breadcrumb":{"@id":"https:\/\/driversfirst.eu\/sv\/news\/nu-ar-det-igang-service-under-viloperioder-finns-tillganglig-i-malmo-och-eskilstuna\/#breadcrumb"},"inLanguage":"sv-SE","potentialAction":[{"@type":"ReadAction","target":["https:\/\/driversfirst.eu\/sv\/news\/nu-ar-det-igang-service-under-viloperioder-finns-tillganglig-i-malmo-och-eskilstuna\/"]}]},{"@type":"ImageObject","inLanguage":"sv-SE","@id":"https:\/\/driversfirst.eu\/sv\/news\/nu-ar-det-igang-service-under-viloperioder-finns-tillganglig-i-malmo-och-eskilstuna\/#primaryimage","url":"https:\/\/driversfirst.eu\/wp-content\/uploads\/2025\/09\/RMS_Logotyp_2col-scaled-1.png","contentUrl":"https:\/\/driversfirst.eu\/wp-content\/uploads\/2025\/09\/RMS_Logotyp_2col-scaled-1.png","width":2560,"height":950},{"@type":"BreadcrumbList","@id":"https:\/\/driversfirst.eu\/sv\/news\/nu-ar-det-igang-service-under-viloperioder-finns-tillganglig-i-malmo-och-eskilstuna\/#breadcrumb","itemListElement":[{"@type":"ListItem","position":1,"name":"Hem","item":"https:\/\/driversfirst.eu\/sv\/hem\/"},{"@type":"ListItem","position":2,"name":"Nu \u00e4r det ig\u00e5ng: Service under viloperioder finns tillg\u00e4nglig i Malm\u00f6, J\u00f6nk\u00f6ping och Eskilstuna"}]},{"@type":"WebSite","@id":"https:\/\/driversfirst.eu\/sv\/#website","url":"https:\/\/driversfirst.eu\/sv\/","name":"Drivers First Security Parking","description":"Secure full service truck stops","publisher":{"@id":"https:\/\/driversfirst.eu\/sv\/#organization"},"potentialAction":[{"@type":"SearchAction","target":{"@type":"EntryPoint","urlTemplate":"https:\/\/driversfirst.eu\/sv\/?s={search_term_string}"},"query-input":{"@type":"PropertyValueSpecification","valueRequired":true,"valueName":"search_term_string"}}],"inLanguage":"sv-SE"},{"@type":"Organization","@id":"https:\/\/driversfirst.eu\/sv\/#organization","name":"Drivers First Security Parking","alternateName":"Drivers first","url":"https:\/\/driversfirst.eu\/sv\/","logo":{"@type":"ImageObject","inLanguage":"sv-SE","@id":"https:\/\/driversfirst.eu\/sv\/#\/schema\/logo\/image\/","url":"https:\/\/driversfirst.eu\/wp-content\/uploads\/2025\/08\/drivers-first-security-parking-scaled.png","contentUrl":"https:\/\/driversfirst.eu\/wp-content\/uploads\/2025\/08\/drivers-first-security-parking-scaled.png","width":2560,"height":490,"caption":"Drivers First Security Parking"},"image":{"@id":"https:\/\/driversfirst.eu\/sv\/#\/schema\/logo\/image\/"},"sameAs":["https:\/\/www.facebook.com\/p\/Drivers-First-61558688551720\/","https:\/\/www.linkedin.com\/company\/driversfirst"]},{"@type":"Person","@id":"https:\/\/driversfirst.eu\/sv\/#\/schema\/person\/6a4949ce88958aeaaefb15fd02995817","name":"admin","image":{"@type":"ImageObject","inLanguage":"sv-SE","@id":"https:\/\/secure.gravatar.com\/avatar\/f570c8ee5492a8a1bd00d4eae858059eefc640db248e399d9394e0731b1504bf?s=96&d=mm&r=g","url":"https:\/\/secure.gravatar.com\/avatar\/f570c8ee5492a8a1bd00d4eae858059eefc640db248e399d9394e0731b1504bf?s=96&d=mm&r=g","contentUrl":"https:\/\/secure.gravatar.com\/avatar\/f570c8ee5492a8a1bd00d4eae858059eefc640db248e399d9394e0731b1504bf?s=96&d=mm&r=g","caption":"admin"},"sameAs":["https:\/\/driversfirst.eu"]}]}},"_links":{"self":[{"href":"https:\/\/driversfirst.eu\/sv\/wp-json\/wp\/v2\/posts\/13438","targetHints":{"allow":["GET"]}}],"collection":[{"href":"https:\/\/driversfirst.eu\/sv\/wp-json\/wp\/v2\/posts"}],"about":[{"href":"https:\/\/driversfirst.eu\/sv\/wp-json\/wp\/v2\/types\/post"}],"author":[{"embeddable":true,"href":"https:\/\/driversfirst.eu\/sv\/wp-json\/wp\/v2\/users\/5"}],"replies":[{"embeddable":true,"href":"https:\/\/driversfirst.eu\/sv\/wp-json\/wp\/v2\/comments?post=13438"}],"version-history":[{"count":2,"href":"https:\/\/driversfirst.eu\/sv\/wp-json\/wp\/v2\/posts\/13438\/revisions"}],"predecessor-version":[{"id":13467,"href":"https:\/\/driversfirst.eu\/sv\/wp-json\/wp\/v2\/posts\/13438\/revisions\/13467"}],"wp:featuredmedia":[{"embeddable":true,"href":"https:\/\/driversfirst.eu\/sv\/wp-json\/wp\/v2\/media\/4509"}],"wp:attachment":[{"href":"https:\/\/driversfirst.eu\/sv\/wp-json\/wp\/v2\/media?parent=13438"}],"wp:term":[{"taxonomy":"category","embeddable":true,"href":"https:\/\/driversfirst.eu\/sv\/wp-json\/wp\/v2\/categories?post=13438"},{"taxonomy":"post_tag","embeddable":true,"href":"https:\/\/driversfirst.eu\/sv\/wp-json\/wp\/v2\/tags?post=13438"}],"curies":[{"name":"wp","href":"https:\/\/api.w.org\/{rel}","templated":true}]}}