{"id":13452,"date":"2026-09-01T08:00:00","date_gmt":"2026-09-01T06:00:00","guid":{"rendered":"https:\/\/driversfirst.eu\/news\/acum-este-operational-servicii-in-timpul-perioadelor-de-odihna-disponibile-in-malmo-si-eskilstuna\/"},"modified":"2026-09-01T11:25:29","modified_gmt":"2026-09-01T09:25:29","slug":"acum-este-operational-servicii-in-timpul-perioadelor-de-odihna-disponibile-in-malmo-si-eskilstuna","status":"publish","type":"post","link":"https:\/\/driversfirst.eu\/ro\/news\/acum-este-operational-servicii-in-timpul-perioadelor-de-odihna-disponibile-in-malmo-si-eskilstuna\/","title":{"rendered":"Acum este opera\u021bional: Servicii \u00een timpul perioadelor de odihn\u0103 disponibile \u00een Malm\u00f6 \u0219i Eskilstuna"},"content":{"rendered":"\n<p class=\"wp-block-paragraph\"><strong>Drivers First \u0219i Road Mobility Services au lansat serviciul lor comun \u2013 service-ul \u0219i \u00eentre\u021binerea se efectueaz\u0103 acum la fa\u021ba locului \u00een timp ce \u0219oferul se odihne\u0219te. Companiile de transport pot rezerva serviciul \u00eencep\u00e2nd de ast\u0103zi. <\/strong><\/p>\n\n<p class=\"wp-block-paragraph\"><a href=\"https:\/\/driversfirst.eu\/ro\/servicii-de-mobilitate-rutiera\/\" data-type=\"page\" data-id=\"7197\">Serviciul<\/a> este disponibil la facilit\u0103\u021bile Drivers First din <strong>Malm\u00f6<\/strong> \u0219i <strong>Eskilstuna<\/strong>. Mai multe facilit\u0103\u021bi vor fi ad\u0103ugate pe parcursul anului. <\/p>\n\n<hr class=\"wp-block-separator has-alpha-channel-opacity\"\/>\n\n<h2 class=\"wp-block-heading\">Cum func\u021bioneaz\u0103 \u00een practic\u0103<\/h2>\n\n<ol class=\"wp-block-list\">\n<li><strong>Suna\u021bi<\/strong> la <a>+46 75 75 75 909<\/a> (24\/7) \u2013 de preferin\u021b\u0103 atunci c\u00e2nd se rezerv\u0103 cazarea peste noapte. De asemenea, pute\u021bi trimite un e-mail la <strong><a>EBS@eubrse.com<\/a><\/strong>. <\/li>\n\n\n\n<li><strong>Furniza\u021bi<\/strong> detaliile vehiculului, ce trebuie efectuat \u0219i c\u00e2nd ve\u021bi fi la facilitate.<\/li>\n\n\n\n<li>Noi <strong>confirm\u0103m<\/strong> rezervarea \u0219i stabilim modalitatea de plat\u0103 (factur\u0103 pentru clien\u021bii cu contract; \u00een caz contrar, un link de plat\u0103).<\/li>\n\n\n\n<li>Lucr\u0103rile se efectueaz\u0103 \u00een zona de parcare \u00een timp ce \u0219oferul \u00ee\u0219i ia perioada de odihn\u0103, iar factura este emis\u0103 direct de Road Mobility Services.<\/li>\n<\/ol>\n\n<p class=\"wp-block-paragraph\">\u00cen timp ce \u0219oferul se odihne\u0219te la facilitatea \u00eemprejmuit\u0103 \u0219i monitorizat\u0103 a Drivers First (cel pu\u021bin 11 ore pentru odihna zilnic\u0103, p\u00e2n\u0103 la 45 de ore pentru odihna s\u0103pt\u0103m\u00e2nal\u0103), Road Mobility Services vine la fa\u021ba locului pentru a efectua service, \u00eentre\u021binere sau repara\u021bii minore.<\/p>\n\n<p class=\"wp-block-paragraph\">C\u00e2nd \u0219oferul este preg\u0103tit s\u0103 continue c\u0103l\u0103toria, vehiculul este complet verificat \u0219i preg\u0103tit pentru urm\u0103toarea curs\u0103.<\/p>\n\n<hr class=\"wp-block-separator has-alpha-channel-opacity\"\/>\n\n<h2 class=\"wp-block-heading\">Ce servicii pute\u021bi solicita?<\/h2>\n\n<ul class=\"wp-block-list\">\n<li>Verificarea presiunii \u00een anvelope \u0219i \u00eenlocuirea anvelopelor<\/li>\n\n\n\n<li>Complet\u0103ri de fluide<\/li>\n\n\n\n<li>Repararea \/ service-ul sistemelor pneumatice \u0219i hidraulice<\/li>\n\n\n\n<li>Repararea \/ service-ul sistemelor electrice<\/li>\n\n\n\n<li>Repara\u021bii prelate<\/li>\n\n\n\n<li>Verific\u0103ri func\u021bionale ale echipamentelor de ridicare<\/li>\n<\/ul>\n\n<p class=\"wp-block-paragraph\"><em>Servicii suplimentare vor fi ad\u0103ugate \u00een func\u021bie de cerere.<\/em><\/p>\n\n<hr class=\"wp-block-separator has-alpha-channel-opacity\"\/>\n\n<h2 class=\"wp-block-heading\">Patru avantaje cheie<\/h2>\n\n<p class=\"wp-block-paragraph\"><strong>F\u0103r\u0103 timp suplimentar de nefunc\u021bionare<\/strong> \u2013 service-ul se efectueaz\u0103 \u00een timpul \u00een care vehiculul este deja parcat<br\/><strong>F\u0103r\u0103 deplas\u0103ri la service<\/strong> \u2013 toate lucr\u0103rile se efectueaz\u0103 la fa\u021ba locului<br\/><strong>Siguran\u021b\u0103 pentru \u0219oferi \u0219i marf\u0103<\/strong> \u2013 vehiculul r\u0103m\u00e2ne la o facilitate \u00eemprejmuit\u0103 \u0219i monitorizat\u0103<br\/><strong>Administrare simplificat\u0103<\/strong> \u2013 parcarea \u0219i service-ul se rezerv\u0103 \u00eentr-un singur pas, Road Mobility Services factur\u00e2nd direct<\/p>\n\n<hr class=\"wp-block-separator has-alpha-channel-opacity\"\/>\n\n<h2 class=\"wp-block-heading\">Ce spun reprezentan\u021bii no\u0219tri?<\/h2>\n\n<blockquote class=\"wp-block-quote is-layout-flow wp-block-quote-is-layout-flow\">\n<p class=\"wp-block-paragraph\"><em>\u201eSuntem acum opera\u021bionali. Acesta este primul pas c\u0103tre construirea unei infrastructuri de transport reziliente \u2013 pentru lan\u021buri de aprovizionare ne\u00eentrerupte. \u00cencep\u00e2nd de ast\u0103zi, clien\u021bii no\u0219tri pot rezerva servicii pentru vehicule \u00een timpul \u0219ederii lor \u00een parcare \u2013 la noi, la Drivers First.\u201d<\/em><br\/><strong>\u2013 Johanna Holm\u00e9n, CCO, Drivers First<\/strong><\/p>\n<\/blockquote>\n\n<blockquote class=\"wp-block-quote is-layout-flow wp-block-quote-is-layout-flow\">\n<p class=\"wp-block-paragraph\"><em>\u201eSuntem la fa\u021ba locului, la Drivers First. \u00cen timp ce \u0219oferul se odihne\u0219te, noi efectu\u0103m service-ul vehiculului \u2013 f\u0103r\u0103 timp de inactivitate suplimentar \u0219i f\u0103r\u0103 deplas\u0103ri inutile la un atelier. Acest lucru schimb\u0103 regulile jocului pentru industria transporturilor.\u201d<\/em><br\/><strong>\u2013 Markku Reinikainen, Group COO, Road Mobility Services<\/strong><\/p>\n<\/blockquote>\n\n<hr class=\"wp-block-separator has-alpha-channel-opacity\"\/>\n\n<h2 class=\"wp-block-heading\">Rezerva\u021bi sau contacta\u021bi-ne<\/h2>\n\n<p class=\"wp-block-paragraph\">Contacta\u021bi-ne pentru a face o rezervare sau pentru mai multe informa\u021bii:<\/p>\n\n<p class=\"wp-block-paragraph\"><strong>Johanna Holm\u00e9n, CCO, Drivers First<\/strong><br\/>\ud83d\udcde <a>+46 735 39 35 11<\/a><br\/>\ud83d\udce7 <a href=\"mailto:johanna.holmen@driversfirst.eu\">johanna.holmen@driversfirst.eu<\/a><\/p>\n\n<p class=\"wp-block-paragraph\"><strong>Markku Reinikainen, Group COO, Road Mobility Services<\/strong><br\/>\ud83d\udcde <a>+46 72 245 3500<\/a><br\/>\ud83d\udce7 <a href=\"mailto:markku.reinikainen@rmsgroup.se\">markku.reinikainen@rmsgroup.se<\/a><\/p>\n\n<hr class=\"wp-block-separator has-alpha-channel-opacity\"\/>\n\n<h2 class=\"wp-block-heading\">Despre companii<\/h2>\n\n<p class=\"wp-block-paragraph\"><strong>Drivers First<\/strong> este o companie suedez\u0103 care dezvolt\u0103 \u0219i opereaz\u0103 zone moderne de odihn\u0103 axate pe siguran\u021b\u0103, confort \u0219i condi\u021bii de lucru pentru \u0219oferii profesioni\u0219ti. Prin parcare securizat\u0103, facilit\u0103\u021bi curate \u0219i solu\u021bii digitale, cre\u0103m un model standardizat care face diferen\u021ba pentru \u0219oferi, companiile de transport \u0219i municipalit\u0103\u021bile \u00een care ne stabilim opera\u021biunile. <\/p>\n\n<p class=\"wp-block-paragraph\"><strong>Road Mobility Services<\/strong> este un furnizor nordic de top de servicii pentru anvelope, asisten\u021b\u0103 rutier\u0103, recuperare vehicule, \u00eentre\u021binere remorci \u0219i servicii de service pentru vehicule u\u0219oare \u0219i grele. Cu o re\u021bea \u00een rapid\u0103 expansiune \u00een Suedia, Finlanda \u0219i Danemarca, ne asigur\u0103m c\u0103 clien\u021bii no\u0219tri \u2013 de la operatori logistici majori la automobili\u015fti particulari \u2013 \u00ee\u0219i pot men\u021bine \u00eentotdeauna vehiculele \u00een func\u021biune cu timp minim de nefunc\u021bionare. <\/p>\n","protected":false},"excerpt":{"rendered":"<p>Drivers First \u0219i Road Mobility Services au lansat serviciul lor comun \u2013 service-ul \u0219i \u00eentre\u021binerea se efectueaz\u0103 acum la fa\u021ba locului \u00een timp ce \u0219oferul se odihne\u0219te. Companiile de transport pot rezerva serviciul \u00eencep\u00e2nd de ast\u0103zi. Serviciul este disponibil la facilit\u0103\u021bile Drivers First din Malm\u00f6 \u0219i Eskilstuna. Mai multe facilit\u0103\u021bi vor fi ad\u0103ugate pe parcursul [&hellip;]<\/p>\n","protected":false},"author":5,"featured_media":4476,"comment_status":"closed","ping_status":"open","sticky":false,"template":"","format":"standard","meta":{"inline_featured_image":false,"footnotes":""},"categories":[58],"tags":[],"class_list":["post-13452","post","type-post","status-publish","format-standard","has-post-thumbnail","hentry","category-uncategorized-ro"],"yoast_head":"<!-- This site is optimized with the Yoast SEO plugin v28.3 - https:\/\/yoast.com\/product\/yoast-seo-wordpress\/ -->\n<title>Acum este opera\u021bional: Servicii \u00een timpul perioadelor de odihn\u0103 disponibile \u00een Malm\u00f6 \u0219i Eskilstuna - Drivers First Security Parking<\/title>\n<meta name=\"robots\" content=\"index, follow, max-snippet:-1, max-image-preview:large, max-video-preview:-1\" \/>\n<link rel=\"canonical\" href=\"https:\/\/driversfirst.eu\/ro\/news\/acum-este-operational-servicii-in-timpul-perioadelor-de-odihna-disponibile-in-malmo-si-eskilstuna\/\" \/>\n<meta property=\"og:locale\" content=\"ro_RO\" \/>\n<meta property=\"og:type\" content=\"article\" \/>\n<meta property=\"og:title\" content=\"Acum este opera\u021bional: Servicii \u00een timpul perioadelor de odihn\u0103 disponibile \u00een Malm\u00f6 \u0219i Eskilstuna - Drivers First Security Parking\" \/>\n<meta property=\"og:description\" content=\"Drivers First \u0219i Road Mobility Services au lansat serviciul lor comun \u2013 service-ul \u0219i \u00eentre\u021binerea se efectueaz\u0103 acum la fa\u021ba locului \u00een timp ce \u0219oferul se odihne\u0219te. Companiile de transport pot rezerva serviciul \u00eencep\u00e2nd de ast\u0103zi. Serviciul este disponibil la facilit\u0103\u021bile Drivers First din Malm\u00f6 \u0219i Eskilstuna. Mai multe facilit\u0103\u021bi vor fi ad\u0103ugate pe parcursul [&hellip;]\" \/>\n<meta property=\"og:url\" content=\"https:\/\/driversfirst.eu\/ro\/news\/acum-este-operational-servicii-in-timpul-perioadelor-de-odihna-disponibile-in-malmo-si-eskilstuna\/\" \/>\n<meta property=\"og:site_name\" content=\"Drivers First Security Parking\" \/>\n<meta property=\"article:publisher\" content=\"https:\/\/www.facebook.com\/p\/Drivers-First-61558688551720\/\" \/>\n<meta property=\"article:published_time\" content=\"2026-09-01T06:00:00+00:00\" \/>\n<meta property=\"article:modified_time\" content=\"2026-09-01T09:25:29+00:00\" \/>\n<meta name=\"author\" content=\"admin\" \/>\n<meta name=\"twitter:card\" content=\"summary_large_image\" \/>\n<meta name=\"twitter:label1\" content=\"Scris de\" \/>\n\t<meta name=\"twitter:data1\" content=\"admin\" \/>\n\t<meta name=\"twitter:label2\" content=\"Timp estimat pentru citire\" \/>\n\t<meta name=\"twitter:data2\" content=\"3 minut\" \/>\n<script type=\"application\/ld+json\" class=\"yoast-schema-graph\">{\"@context\":\"https:\\\/\\\/schema.org\",\"@graph\":[{\"@type\":\"Article\",\"@id\":\"https:\\\/\\\/driversfirst.eu\\\/ro\\\/news\\\/acum-este-operational-servicii-in-timpul-perioadelor-de-odihna-disponibile-in-malmo-si-eskilstuna\\\/#article\",\"isPartOf\":{\"@id\":\"https:\\\/\\\/driversfirst.eu\\\/ro\\\/news\\\/acum-este-operational-servicii-in-timpul-perioadelor-de-odihna-disponibile-in-malmo-si-eskilstuna\\\/\"},\"author\":{\"name\":\"admin\",\"@id\":\"https:\\\/\\\/driversfirst.eu\\\/ro\\\/#\\\/schema\\\/person\\\/6a4949ce88958aeaaefb15fd02995817\"},\"headline\":\"Acum este opera\u021bional: Servicii \u00een timpul perioadelor de odihn\u0103 disponibile \u00een Malm\u00f6 \u0219i Eskilstuna\",\"datePublished\":\"2026-09-01T06:00:00+00:00\",\"dateModified\":\"2026-09-01T09:25:29+00:00\",\"mainEntityOfPage\":{\"@id\":\"https:\\\/\\\/driversfirst.eu\\\/ro\\\/news\\\/acum-este-operational-servicii-in-timpul-perioadelor-de-odihna-disponibile-in-malmo-si-eskilstuna\\\/\"},\"wordCount\":643,\"publisher\":{\"@id\":\"https:\\\/\\\/driversfirst.eu\\\/ro\\\/#organization\"},\"image\":{\"@id\":\"https:\\\/\\\/driversfirst.eu\\\/ro\\\/news\\\/acum-este-operational-servicii-in-timpul-perioadelor-de-odihna-disponibile-in-malmo-si-eskilstuna\\\/#primaryimage\"},\"thumbnailUrl\":\"https:\\\/\\\/driversfirst.eu\\\/wp-content\\\/uploads\\\/2025\\\/09\\\/rms.svg\",\"articleSection\":[\"Uncategorized @ro\"],\"inLanguage\":\"ro-RO\"},{\"@type\":\"WebPage\",\"@id\":\"https:\\\/\\\/driversfirst.eu\\\/ro\\\/news\\\/acum-este-operational-servicii-in-timpul-perioadelor-de-odihna-disponibile-in-malmo-si-eskilstuna\\\/\",\"url\":\"https:\\\/\\\/driversfirst.eu\\\/ro\\\/news\\\/acum-este-operational-servicii-in-timpul-perioadelor-de-odihna-disponibile-in-malmo-si-eskilstuna\\\/\",\"name\":\"Acum este opera\u021bional: Servicii \u00een timpul perioadelor de odihn\u0103 disponibile \u00een Malm\u00f6 \u0219i Eskilstuna - Drivers First Security Parking\",\"isPartOf\":{\"@id\":\"https:\\\/\\\/driversfirst.eu\\\/ro\\\/#website\"},\"primaryImageOfPage\":{\"@id\":\"https:\\\/\\\/driversfirst.eu\\\/ro\\\/news\\\/acum-este-operational-servicii-in-timpul-perioadelor-de-odihna-disponibile-in-malmo-si-eskilstuna\\\/#primaryimage\"},\"image\":{\"@id\":\"https:\\\/\\\/driversfirst.eu\\\/ro\\\/news\\\/acum-este-operational-servicii-in-timpul-perioadelor-de-odihna-disponibile-in-malmo-si-eskilstuna\\\/#primaryimage\"},\"thumbnailUrl\":\"https:\\\/\\\/driversfirst.eu\\\/wp-content\\\/uploads\\\/2025\\\/09\\\/rms.svg\",\"datePublished\":\"2026-09-01T06:00:00+00:00\",\"dateModified\":\"2026-09-01T09:25:29+00:00\",\"breadcrumb\":{\"@id\":\"https:\\\/\\\/driversfirst.eu\\\/ro\\\/news\\\/acum-este-operational-servicii-in-timpul-perioadelor-de-odihna-disponibile-in-malmo-si-eskilstuna\\\/#breadcrumb\"},\"inLanguage\":\"ro-RO\",\"potentialAction\":[{\"@type\":\"ReadAction\",\"target\":[\"https:\\\/\\\/driversfirst.eu\\\/ro\\\/news\\\/acum-este-operational-servicii-in-timpul-perioadelor-de-odihna-disponibile-in-malmo-si-eskilstuna\\\/\"]}]},{\"@type\":\"ImageObject\",\"inLanguage\":\"ro-RO\",\"@id\":\"https:\\\/\\\/driversfirst.eu\\\/ro\\\/news\\\/acum-este-operational-servicii-in-timpul-perioadelor-de-odihna-disponibile-in-malmo-si-eskilstuna\\\/#primaryimage\",\"url\":\"https:\\\/\\\/driversfirst.eu\\\/wp-content\\\/uploads\\\/2025\\\/09\\\/rms.svg\",\"contentUrl\":\"https:\\\/\\\/driversfirst.eu\\\/wp-content\\\/uploads\\\/2025\\\/09\\\/rms.svg\"},{\"@type\":\"BreadcrumbList\",\"@id\":\"https:\\\/\\\/driversfirst.eu\\\/ro\\\/news\\\/acum-este-operational-servicii-in-timpul-perioadelor-de-odihna-disponibile-in-malmo-si-eskilstuna\\\/#breadcrumb\",\"itemListElement\":[{\"@type\":\"ListItem\",\"position\":1,\"name\":\"Acas\u0103\",\"item\":\"https:\\\/\\\/driversfirst.eu\\\/ro\\\/acasa\\\/\"},{\"@type\":\"ListItem\",\"position\":2,\"name\":\"Acum este opera\u021bional: Servicii \u00een timpul perioadelor de odihn\u0103 disponibile \u00een Malm\u00f6 \u0219i Eskilstuna\"}]},{\"@type\":\"WebSite\",\"@id\":\"https:\\\/\\\/driversfirst.eu\\\/ro\\\/#website\",\"url\":\"https:\\\/\\\/driversfirst.eu\\\/ro\\\/\",\"name\":\"Drivers First Security Parking\",\"description\":\"Secure full service truck stops\",\"publisher\":{\"@id\":\"https:\\\/\\\/driversfirst.eu\\\/ro\\\/#organization\"},\"potentialAction\":[{\"@type\":\"SearchAction\",\"target\":{\"@type\":\"EntryPoint\",\"urlTemplate\":\"https:\\\/\\\/driversfirst.eu\\\/ro\\\/?s={search_term_string}\"},\"query-input\":{\"@type\":\"PropertyValueSpecification\",\"valueRequired\":true,\"valueName\":\"search_term_string\"}}],\"inLanguage\":\"ro-RO\"},{\"@type\":\"Organization\",\"@id\":\"https:\\\/\\\/driversfirst.eu\\\/ro\\\/#organization\",\"name\":\"Drivers First Security Parking\",\"alternateName\":\"\u0218oferii pe primul loc\",\"url\":\"https:\\\/\\\/driversfirst.eu\\\/ro\\\/\",\"logo\":{\"@type\":\"ImageObject\",\"inLanguage\":\"ro-RO\",\"@id\":\"https:\\\/\\\/driversfirst.eu\\\/ro\\\/#\\\/schema\\\/logo\\\/image\\\/\",\"url\":\"https:\\\/\\\/driversfirst.eu\\\/wp-content\\\/uploads\\\/2025\\\/08\\\/drivers-first-security-parking-scaled.png\",\"contentUrl\":\"https:\\\/\\\/driversfirst.eu\\\/wp-content\\\/uploads\\\/2025\\\/08\\\/drivers-first-security-parking-scaled.png\",\"width\":2560,\"height\":490,\"caption\":\"Drivers First Security Parking\"},\"image\":{\"@id\":\"https:\\\/\\\/driversfirst.eu\\\/ro\\\/#\\\/schema\\\/logo\\\/image\\\/\"},\"sameAs\":[\"https:\\\/\\\/www.facebook.com\\\/p\\\/Drivers-First-61558688551720\\\/\",\"https:\\\/\\\/www.linkedin.com\\\/company\\\/driversfirst\"]},{\"@type\":\"Person\",\"@id\":\"https:\\\/\\\/driversfirst.eu\\\/ro\\\/#\\\/schema\\\/person\\\/6a4949ce88958aeaaefb15fd02995817\",\"name\":\"admin\",\"image\":{\"@type\":\"ImageObject\",\"inLanguage\":\"ro-RO\",\"@id\":\"https:\\\/\\\/secure.gravatar.com\\\/avatar\\\/f570c8ee5492a8a1bd00d4eae858059eefc640db248e399d9394e0731b1504bf?s=96&d=mm&r=g\",\"url\":\"https:\\\/\\\/secure.gravatar.com\\\/avatar\\\/f570c8ee5492a8a1bd00d4eae858059eefc640db248e399d9394e0731b1504bf?s=96&d=mm&r=g\",\"contentUrl\":\"https:\\\/\\\/secure.gravatar.com\\\/avatar\\\/f570c8ee5492a8a1bd00d4eae858059eefc640db248e399d9394e0731b1504bf?s=96&d=mm&r=g\",\"caption\":\"admin\"},\"sameAs\":[\"https:\\\/\\\/driversfirst.eu\"]}]}<\/script>\n<!-- \/ Yoast SEO plugin. -->","yoast_head_json":{"title":"Acum este opera\u021bional: Servicii \u00een timpul perioadelor de odihn\u0103 disponibile \u00een Malm\u00f6 \u0219i Eskilstuna - Drivers First Security Parking","robots":{"index":"index","follow":"follow","max-snippet":"max-snippet:-1","max-image-preview":"max-image-preview:large","max-video-preview":"max-video-preview:-1"},"canonical":"https:\/\/driversfirst.eu\/ro\/news\/acum-este-operational-servicii-in-timpul-perioadelor-de-odihna-disponibile-in-malmo-si-eskilstuna\/","og_locale":"ro_RO","og_type":"article","og_title":"Acum este opera\u021bional: Servicii \u00een timpul perioadelor de odihn\u0103 disponibile \u00een Malm\u00f6 \u0219i Eskilstuna - Drivers First Security Parking","og_description":"Drivers First \u0219i Road Mobility Services au lansat serviciul lor comun \u2013 service-ul \u0219i \u00eentre\u021binerea se efectueaz\u0103 acum la fa\u021ba locului \u00een timp ce \u0219oferul se odihne\u0219te. Companiile de transport pot rezerva serviciul \u00eencep\u00e2nd de ast\u0103zi. Serviciul este disponibil la facilit\u0103\u021bile Drivers First din Malm\u00f6 \u0219i Eskilstuna. Mai multe facilit\u0103\u021bi vor fi ad\u0103ugate pe parcursul [&hellip;]","og_url":"https:\/\/driversfirst.eu\/ro\/news\/acum-este-operational-servicii-in-timpul-perioadelor-de-odihna-disponibile-in-malmo-si-eskilstuna\/","og_site_name":"Drivers First Security Parking","article_publisher":"https:\/\/www.facebook.com\/p\/Drivers-First-61558688551720\/","article_published_time":"2026-09-01T06:00:00+00:00","article_modified_time":"2026-09-01T09:25:29+00:00","author":"admin","twitter_card":"summary_large_image","twitter_misc":{"Scris de":"admin","Timp estimat pentru citire":"3 minut"},"schema":{"@context":"https:\/\/schema.org","@graph":[{"@type":"Article","@id":"https:\/\/driversfirst.eu\/ro\/news\/acum-este-operational-servicii-in-timpul-perioadelor-de-odihna-disponibile-in-malmo-si-eskilstuna\/#article","isPartOf":{"@id":"https:\/\/driversfirst.eu\/ro\/news\/acum-este-operational-servicii-in-timpul-perioadelor-de-odihna-disponibile-in-malmo-si-eskilstuna\/"},"author":{"name":"admin","@id":"https:\/\/driversfirst.eu\/ro\/#\/schema\/person\/6a4949ce88958aeaaefb15fd02995817"},"headline":"Acum este opera\u021bional: Servicii \u00een timpul perioadelor de odihn\u0103 disponibile \u00een Malm\u00f6 \u0219i Eskilstuna","datePublished":"2026-09-01T06:00:00+00:00","dateModified":"2026-09-01T09:25:29+00:00","mainEntityOfPage":{"@id":"https:\/\/driversfirst.eu\/ro\/news\/acum-este-operational-servicii-in-timpul-perioadelor-de-odihna-disponibile-in-malmo-si-eskilstuna\/"},"wordCount":643,"publisher":{"@id":"https:\/\/driversfirst.eu\/ro\/#organization"},"image":{"@id":"https:\/\/driversfirst.eu\/ro\/news\/acum-este-operational-servicii-in-timpul-perioadelor-de-odihna-disponibile-in-malmo-si-eskilstuna\/#primaryimage"},"thumbnailUrl":"https:\/\/driversfirst.eu\/wp-content\/uploads\/2025\/09\/rms.svg","articleSection":["Uncategorized @ro"],"inLanguage":"ro-RO"},{"@type":"WebPage","@id":"https:\/\/driversfirst.eu\/ro\/news\/acum-este-operational-servicii-in-timpul-perioadelor-de-odihna-disponibile-in-malmo-si-eskilstuna\/","url":"https:\/\/driversfirst.eu\/ro\/news\/acum-este-operational-servicii-in-timpul-perioadelor-de-odihna-disponibile-in-malmo-si-eskilstuna\/","name":"Acum este opera\u021bional: Servicii \u00een timpul perioadelor de odihn\u0103 disponibile \u00een Malm\u00f6 \u0219i Eskilstuna - Drivers First Security Parking","isPartOf":{"@id":"https:\/\/driversfirst.eu\/ro\/#website"},"primaryImageOfPage":{"@id":"https:\/\/driversfirst.eu\/ro\/news\/acum-este-operational-servicii-in-timpul-perioadelor-de-odihna-disponibile-in-malmo-si-eskilstuna\/#primaryimage"},"image":{"@id":"https:\/\/driversfirst.eu\/ro\/news\/acum-este-operational-servicii-in-timpul-perioadelor-de-odihna-disponibile-in-malmo-si-eskilstuna\/#primaryimage"},"thumbnailUrl":"https:\/\/driversfirst.eu\/wp-content\/uploads\/2025\/09\/rms.svg","datePublished":"2026-09-01T06:00:00+00:00","dateModified":"2026-09-01T09:25:29+00:00","breadcrumb":{"@id":"https:\/\/driversfirst.eu\/ro\/news\/acum-este-operational-servicii-in-timpul-perioadelor-de-odihna-disponibile-in-malmo-si-eskilstuna\/#breadcrumb"},"inLanguage":"ro-RO","potentialAction":[{"@type":"ReadAction","target":["https:\/\/driversfirst.eu\/ro\/news\/acum-este-operational-servicii-in-timpul-perioadelor-de-odihna-disponibile-in-malmo-si-eskilstuna\/"]}]},{"@type":"ImageObject","inLanguage":"ro-RO","@id":"https:\/\/driversfirst.eu\/ro\/news\/acum-este-operational-servicii-in-timpul-perioadelor-de-odihna-disponibile-in-malmo-si-eskilstuna\/#primaryimage","url":"https:\/\/driversfirst.eu\/wp-content\/uploads\/2025\/09\/rms.svg","contentUrl":"https:\/\/driversfirst.eu\/wp-content\/uploads\/2025\/09\/rms.svg"},{"@type":"BreadcrumbList","@id":"https:\/\/driversfirst.eu\/ro\/news\/acum-este-operational-servicii-in-timpul-perioadelor-de-odihna-disponibile-in-malmo-si-eskilstuna\/#breadcrumb","itemListElement":[{"@type":"ListItem","position":1,"name":"Acas\u0103","item":"https:\/\/driversfirst.eu\/ro\/acasa\/"},{"@type":"ListItem","position":2,"name":"Acum este opera\u021bional: Servicii \u00een timpul perioadelor de odihn\u0103 disponibile \u00een Malm\u00f6 \u0219i Eskilstuna"}]},{"@type":"WebSite","@id":"https:\/\/driversfirst.eu\/ro\/#website","url":"https:\/\/driversfirst.eu\/ro\/","name":"Drivers First Security Parking","description":"Secure full service truck stops","publisher":{"@id":"https:\/\/driversfirst.eu\/ro\/#organization"},"potentialAction":[{"@type":"SearchAction","target":{"@type":"EntryPoint","urlTemplate":"https:\/\/driversfirst.eu\/ro\/?s={search_term_string}"},"query-input":{"@type":"PropertyValueSpecification","valueRequired":true,"valueName":"search_term_string"}}],"inLanguage":"ro-RO"},{"@type":"Organization","@id":"https:\/\/driversfirst.eu\/ro\/#organization","name":"Drivers First Security Parking","alternateName":"\u0218oferii pe primul loc","url":"https:\/\/driversfirst.eu\/ro\/","logo":{"@type":"ImageObject","inLanguage":"ro-RO","@id":"https:\/\/driversfirst.eu\/ro\/#\/schema\/logo\/image\/","url":"https:\/\/driversfirst.eu\/wp-content\/uploads\/2025\/08\/drivers-first-security-parking-scaled.png","contentUrl":"https:\/\/driversfirst.eu\/wp-content\/uploads\/2025\/08\/drivers-first-security-parking-scaled.png","width":2560,"height":490,"caption":"Drivers First Security Parking"},"image":{"@id":"https:\/\/driversfirst.eu\/ro\/#\/schema\/logo\/image\/"},"sameAs":["https:\/\/www.facebook.com\/p\/Drivers-First-61558688551720\/","https:\/\/www.linkedin.com\/company\/driversfirst"]},{"@type":"Person","@id":"https:\/\/driversfirst.eu\/ro\/#\/schema\/person\/6a4949ce88958aeaaefb15fd02995817","name":"admin","image":{"@type":"ImageObject","inLanguage":"ro-RO","@id":"https:\/\/secure.gravatar.com\/avatar\/f570c8ee5492a8a1bd00d4eae858059eefc640db248e399d9394e0731b1504bf?s=96&d=mm&r=g","url":"https:\/\/secure.gravatar.com\/avatar\/f570c8ee5492a8a1bd00d4eae858059eefc640db248e399d9394e0731b1504bf?s=96&d=mm&r=g","contentUrl":"https:\/\/secure.gravatar.com\/avatar\/f570c8ee5492a8a1bd00d4eae858059eefc640db248e399d9394e0731b1504bf?s=96&d=mm&r=g","caption":"admin"},"sameAs":["https:\/\/driversfirst.eu"]}]}},"_links":{"self":[{"href":"https:\/\/driversfirst.eu\/ro\/wp-json\/wp\/v2\/posts\/13452","targetHints":{"allow":["GET"]}}],"collection":[{"href":"https:\/\/driversfirst.eu\/ro\/wp-json\/wp\/v2\/posts"}],"about":[{"href":"https:\/\/driversfirst.eu\/ro\/wp-json\/wp\/v2\/types\/post"}],"author":[{"embeddable":true,"href":"https:\/\/driversfirst.eu\/ro\/wp-json\/wp\/v2\/users\/5"}],"replies":[{"embeddable":true,"href":"https:\/\/driversfirst.eu\/ro\/wp-json\/wp\/v2\/comments?post=13452"}],"version-history":[{"count":1,"href":"https:\/\/driversfirst.eu\/ro\/wp-json\/wp\/v2\/posts\/13452\/revisions"}],"predecessor-version":[{"id":13453,"href":"https:\/\/driversfirst.eu\/ro\/wp-json\/wp\/v2\/posts\/13452\/revisions\/13453"}],"wp:featuredmedia":[{"embeddable":true,"href":"https:\/\/driversfirst.eu\/ro\/wp-json\/wp\/v2\/media\/4476"}],"wp:attachment":[{"href":"https:\/\/driversfirst.eu\/ro\/wp-json\/wp\/v2\/media?parent=13452"}],"wp:term":[{"taxonomy":"category","embeddable":true,"href":"https:\/\/driversfirst.eu\/ro\/wp-json\/wp\/v2\/categories?post=13452"},{"taxonomy":"post_tag","embeddable":true,"href":"https:\/\/driversfirst.eu\/ro\/wp-json\/wp\/v2\/tags?post=13452"}],"curies":[{"name":"wp","href":"https:\/\/api.w.org\/{rel}","templated":true}]}}