{"id":13434,"date":"2026-09-01T08:00:00","date_gmt":"2026-09-01T06:00:00","guid":{"rendered":"https:\/\/driversfirst.eu\/news\/tagad-pieejams-pakalpojums-atputas-periodos-ir-pieejams-malme-un-eskilstuna\/"},"modified":"2026-09-02T21:47:52","modified_gmt":"2026-09-02T19:47:52","slug":"tagad-pieejams-pakalpojums-atputas-periodos-ir-pieejams-malme-un-eskilstuna","status":"publish","type":"post","link":"https:\/\/driversfirst.eu\/lv\/news\/tagad-pieejams-pakalpojums-atputas-periodos-ir-pieejams-malme-un-eskilstuna\/","title":{"rendered":"Tagad pieejams: pakalpojums atp\u016btas periodos ir pieejams Malm\u0113, J\u0113nk\u0113ping\u0101 un Eskilst\u016bn\u0101"},"content":{"rendered":"\n<p class=\"wp-block-paragraph\"><strong>Drivers First un Road Mobility Services ir uzs\u0101ku\u0161i savu kop\u012bgo pakalpojumu \u2013 apkope un tehnisk\u0101 apkalpo\u0161ana tagad tiek veikta uz vietas, kam\u0113r vad\u012bt\u0101js atp\u016b\u0161as. Transporta uz\u0146\u0113mumi var rezerv\u0113t pakalpojumu, s\u0101kot ar \u0161odienu. <\/strong><\/p>\n\n<p class=\"wp-block-paragraph\">\u0160is <a href=\"https:\/\/driversfirst.eu\/lv\/road-mobility-services\/\" data-type=\"page\" data-id=\"7197\">pakalpojums<\/a> ir pieejams Drivers First objektos <strong>Malm\u0113<\/strong> un <strong>Eskilst\u016bn\u0101<\/strong>. Gada laik\u0101 tiks pievienoti v\u0113l citi objekti. <\/p>\n\n<hr class=\"wp-block-separator has-alpha-channel-opacity\"\/>\n\n<h2 class=\"wp-block-heading\">K\u0101 tas darbojas praks\u0113<\/h2>\n\n<ol class=\"wp-block-list\">\n<li><strong>Zvaniet<\/strong> <a>+46 75 75 75 909<\/a> (24\/7) \u2013 v\u0113lams, kad nak\u0161\u0146o\u0161ana ir rezerv\u0113ta. Varat ar\u012b s\u016bt\u012bt e-pastu uz <strong><a>EBS@eubrse.com<\/a><\/strong>. <\/li>\n\n\n\n<li><strong>Nor\u0101diet<\/strong> transportl\u012bdzek\u013ca datus, kas j\u0101veic un kad ierad\u012bsieties objekt\u0101.<\/li>\n\n\n\n<li>M\u0113s <strong>apstiprin\u0101m<\/strong> rezerv\u0101ciju un vienojamies par apmaksu (r\u0113\u0137ins l\u012bgumklientiem; cit\u0101di \u2013 maks\u0101juma saite).<\/li>\n\n\n\n<li>Darbs tiek veikts st\u0101vviet\u0101, kam\u0113r vad\u012bt\u0101js atp\u016b\u0161as, un r\u0113\u0137inu tie\u0161i izraksta Road Mobility Services.<\/li>\n<\/ol>\n\n<p class=\"wp-block-paragraph\">Kam\u0113r vad\u012bt\u0101js atp\u016b\u0161as Drivers First ie\u017eogotaj\u0101 un uzraudz\u012btaj\u0101 objekt\u0101 (vismaz 11 stundas ikdienas atp\u016btai, l\u012bdz 45 stund\u0101m ikned\u0113\u013cas atp\u016btai), Road Mobility Services ierodas uz vietas, lai veiktu apkopi, tehnisko apkalpo\u0161anu vai nelielus remontdarbus.<\/p>\n\n<p class=\"wp-block-paragraph\">Kad vad\u012bt\u0101js ir gatavs turpin\u0101t ce\u013cu, transportl\u012bdzeklis ir piln\u012bb\u0101 apkalpots un gatavs n\u0101kamajam braucienam.<\/p>\n\n<hr class=\"wp-block-separator has-alpha-channel-opacity\"\/>\n\n<h2 class=\"wp-block-heading\">Ko varat paveikt?<\/h2>\n\n<ul class=\"wp-block-list\">\n<li>Riepu spiediena p\u0101rbaudes un riepu nomai\u0146a<\/li>\n\n\n\n<li>\u0160\u0137idrumu papildin\u0101\u0161ana<\/li>\n\n\n\n<li>Gaisa un hidraulisko sist\u0113mu remonts\/apkope<\/li>\n\n\n\n<li>Elektrisko sist\u0113mu remonts\/apkope<\/li>\n\n\n\n<li>Tentu remonts<\/li>\n\n\n\n<li>Celtniec\u012bbas apr\u012bkojuma funkcion\u0101l\u0101s p\u0101rbaudes<\/li>\n<\/ul>\n\n<p class=\"wp-block-paragraph\"><em>Papildu pakalpojumi tiks pievienoti atkar\u012bb\u0101 no piepras\u012bjuma.<\/em><\/p>\n\n<hr class=\"wp-block-separator has-alpha-channel-opacity\"\/>\n\n<h2 class=\"wp-block-heading\">\u010cetras galven\u0101s priek\u0161roc\u012bbas<\/h2>\n\n<p class=\"wp-block-paragraph\"><strong>Bez papildu d\u012bkst\u0101ves laika<\/strong> \u2013 pakalpojums tiek veikts laik\u0101, kad transportl\u012bdzeklis jau ir novietots st\u0101vviet\u0101<br\/><strong>Nav j\u0101brauc uz darbn\u012bcu<\/strong> \u2013 viss darbs tiek veikts uz vietas<br\/><strong>Dro\u0161\u012bba vad\u012bt\u0101jiem un kravai<\/strong> \u2013 transportl\u012bdzeklis paliek ie\u017eogot\u0101 un uzraudz\u012bt\u0101 objekt\u0101<br\/><strong>Vienk\u0101r\u0161ota administr\u0113\u0161ana<\/strong> \u2013 st\u0101vvieta un pakalpojums tiek rezerv\u0113ti vien\u0101 sol\u012b, Road Mobility Services izraksta r\u0113\u0137inu tie\u0161i<\/p>\n\n<hr class=\"wp-block-separator has-alpha-channel-opacity\"\/>\n\n<h2 class=\"wp-block-heading\">Ko saka m\u016bsu p\u0101rst\u0101vji?<\/h2>\n\n<blockquote class=\"wp-block-quote is-layout-flow wp-block-quote-is-layout-flow\">\n<p class=\"wp-block-paragraph\"><em>\u201cM\u0113s esam uzs\u0101ku\u0161i darbu. \u0160is ir pirmais solis ce\u013c\u0101 uz notur\u012bgas transporta infrastrukt\u016bras veido\u0161anu \u2013 nep\u0101rtraukt\u0101m pieg\u0101des \u0137\u0113d\u0113m. S\u0101kot ar \u0161odienu, m\u016bsu klienti var rezerv\u0113t transportl\u012bdzek\u013cu apkopi saist\u012bb\u0101 ar st\u0101vvietas izmanto\u0161anu \u2013 pie mums, Drivers First.\u201d<\/em><br\/><strong>\u2013 Johanna Holm\u00e9n, CCO, Drivers First<\/strong><\/p>\n<\/blockquote>\n\n<blockquote class=\"wp-block-quote is-layout-flow wp-block-quote-is-layout-flow\">\n<p class=\"wp-block-paragraph\"><em>\u201cM\u0113s esam uz vietas Drivers First. Kam\u0113r vad\u012bt\u0101js atp\u016b\u0161as, m\u0113s apkalpojam transportl\u012bdzekli \u2013 bez papildu d\u012bkst\u0101ves laika un bez nevajadz\u012bgiem braucieniem uz darbn\u012bcu. \u0160is ir situ\u0101ciju maino\u0161s risin\u0101jums transporta nozarei.\u201d<\/em><br\/><strong>\u2013 Markku Reinikainen, Group COO, Road Mobility Services<\/strong><\/p>\n<\/blockquote>\n\n<hr class=\"wp-block-separator has-alpha-channel-opacity\"\/>\n\n<h2 class=\"wp-block-heading\">Rezerv\u0113t vai sazin\u0101ties<\/h2>\n\n<p class=\"wp-block-paragraph\">Sazinieties ar mums, lai veiktu rezerv\u0101ciju vai ieg\u016btu vair\u0101k inform\u0101cijas:<\/p>\n\n<p class=\"wp-block-paragraph\"><strong>Johanna Holm\u00e9n, CCO, Drivers First<\/strong><br\/>\ud83d\udcde <a>+46 735 39 35 11<\/a><br\/>\ud83d\udce7 <a href=\"mailto:johanna.holmen@driversfirst.eu\">johanna.holmen@driversfirst.eu<\/a><\/p>\n\n<p class=\"wp-block-paragraph\"><strong>Markku Reinikainen, Group COO, Road Mobility Services<\/strong><br\/>\ud83d\udcde <a>+46 72 245 3500<\/a><br\/>\ud83d\udce7 <a href=\"mailto:markku.reinikainen@rmsgroup.se\">markku.reinikainen@rmsgroup.se<\/a><\/p>\n\n<hr class=\"wp-block-separator has-alpha-channel-opacity\"\/>\n\n<h2 class=\"wp-block-heading\">Par uz\u0146\u0113mumiem<\/h2>\n\n<p class=\"wp-block-paragraph\"><strong>Drivers First<\/strong> ir Zviedrijas uz\u0146\u0113mums, kas izstr\u0101d\u0101 un p\u0101rvalda modernas atp\u016btas zonas, koncentr\u0113joties uz dro\u0161\u012bbu, komfortu un darba apst\u0101k\u013ciem profesion\u0101liem autovad\u012bt\u0101jiem. Izmantojot dro\u0161as st\u0101vvietas, t\u012bras telpas un digit\u0101los risin\u0101jumus, m\u0113s rad\u0101m standartiz\u0113tu modeli, kas maina situ\u0101ciju vad\u012bt\u0101jiem, transporta uz\u0146\u0113mumiem un pa\u0161vald\u012bb\u0101m, kur\u0101s m\u0113s veicam savu darb\u012bbu. <\/p>\n\n<p class=\"wp-block-paragraph\"><strong>Road Mobility Services<\/strong> ir vado\u0161ais Zieme\u013cvalstu riepu pakalpojumu, pal\u012bdz\u012bbas uz ce\u013ca, transportl\u012bdzek\u013cu evaku\u0101cijas, piekabju apkopes un darbn\u012bcu pakalpojumu sniedz\u0113js gan vieglajiem, gan smagajiem transportl\u012bdzek\u013ciem. Ar strauji augo\u0161u t\u012bklu Zviedrij\u0101, Somij\u0101 un D\u0101nij\u0101 m\u0113s nodro\u0161in\u0101m, ka m\u016bsu klienti \u2013 no lieliem lo\u0123istikas operatoriem l\u012bdz priv\u0101tiem autovad\u012bt\u0101jiem \u2013 vienm\u0113r var turpin\u0101t ce\u013cu ar minim\u0101lu d\u012bkst\u0101ves laiku. <\/p>\n","protected":false},"excerpt":{"rendered":"<p>Drivers First un Road Mobility Services ir uzs\u0101ku\u0161i savu kop\u012bgo pakalpojumu \u2013 apkope un tehnisk\u0101 apkalpo\u0161ana tagad tiek veikta uz vietas, kam\u0113r vad\u012bt\u0101js atp\u016b\u0161as. Transporta uz\u0146\u0113mumi var rezerv\u0113t pakalpojumu, s\u0101kot ar \u0161odienu. \u0160is pakalpojums ir pieejams Drivers First objektos Malm\u0113 un Eskilst\u016bn\u0101. Gada laik\u0101 tiks pievienoti v\u0113l citi objekti. K\u0101 tas darbojas praks\u0113 Kam\u0113r vad\u012bt\u0101js [&hellip;]<\/p>\n","protected":false},"author":5,"featured_media":5529,"comment_status":"closed","ping_status":"open","sticky":false,"template":"","format":"standard","meta":{"inline_featured_image":false,"footnotes":""},"categories":[102],"tags":[],"class_list":["post-13434","post","type-post","status-publish","format-standard","has-post-thumbnail","hentry","category-uncategorized-lv"],"yoast_head":"<!-- This site is optimized with the Yoast SEO plugin v28.3 - https:\/\/yoast.com\/product\/yoast-seo-wordpress\/ -->\n<title>Tagad pieejams: pakalpojums atp\u016btas periodos ir pieejams Malm\u0113, J\u0113nk\u0113ping\u0101 un Eskilst\u016bn\u0101 - Drivers First Security Parking<\/title>\n<meta name=\"robots\" content=\"index, follow, max-snippet:-1, max-image-preview:large, max-video-preview:-1\" \/>\n<link rel=\"canonical\" href=\"https:\/\/driversfirst.eu\/lv\/news\/tagad-pieejams-pakalpojums-atputas-periodos-ir-pieejams-malme-un-eskilstuna\/\" \/>\n<meta property=\"og:locale\" content=\"lv_LV\" \/>\n<meta property=\"og:type\" content=\"article\" \/>\n<meta property=\"og:title\" content=\"Tagad pieejams: pakalpojums atp\u016btas periodos ir pieejams Malm\u0113, J\u0113nk\u0113ping\u0101 un Eskilst\u016bn\u0101 - Drivers First Security Parking\" \/>\n<meta property=\"og:description\" content=\"Drivers First un Road Mobility Services ir uzs\u0101ku\u0161i savu kop\u012bgo pakalpojumu \u2013 apkope un tehnisk\u0101 apkalpo\u0161ana tagad tiek veikta uz vietas, kam\u0113r vad\u012bt\u0101js atp\u016b\u0161as. Transporta uz\u0146\u0113mumi var rezerv\u0113t pakalpojumu, s\u0101kot ar \u0161odienu. \u0160is pakalpojums ir pieejams Drivers First objektos Malm\u0113 un Eskilst\u016bn\u0101. Gada laik\u0101 tiks pievienoti v\u0113l citi objekti. K\u0101 tas darbojas praks\u0113 Kam\u0113r vad\u012bt\u0101js [&hellip;]\" \/>\n<meta property=\"og:url\" content=\"https:\/\/driversfirst.eu\/lv\/news\/tagad-pieejams-pakalpojums-atputas-periodos-ir-pieejams-malme-un-eskilstuna\/\" \/>\n<meta property=\"og:site_name\" content=\"Drivers First Security Parking\" \/>\n<meta property=\"article:publisher\" content=\"https:\/\/www.facebook.com\/p\/Drivers-First-61558688551720\/\" \/>\n<meta property=\"article:published_time\" content=\"2026-09-01T06:00:00+00:00\" \/>\n<meta property=\"article:modified_time\" content=\"2026-09-02T19:47:52+00:00\" \/>\n<meta property=\"og:image\" content=\"https:\/\/driversfirst.eu\/wp-content\/uploads\/2025\/09\/RMS_Logotyp_2col-scaled-1.png\" \/>\n\t<meta property=\"og:image:width\" content=\"2560\" \/>\n\t<meta property=\"og:image:height\" content=\"950\" \/>\n\t<meta property=\"og:image:type\" content=\"image\/png\" \/>\n<meta name=\"author\" content=\"admin\" \/>\n<meta name=\"twitter:card\" content=\"summary_large_image\" \/>\n<meta name=\"twitter:label1\" content=\"Written by\" \/>\n\t<meta name=\"twitter:data1\" content=\"admin\" \/>\n\t<meta name=\"twitter:label2\" content=\"Est. reading time\" \/>\n\t<meta name=\"twitter:data2\" content=\"3 minutes\" \/>\n<script type=\"application\/ld+json\" class=\"yoast-schema-graph\">{\"@context\":\"https:\\\/\\\/schema.org\",\"@graph\":[{\"@type\":\"Article\",\"@id\":\"https:\\\/\\\/driversfirst.eu\\\/lv\\\/news\\\/tagad-pieejams-pakalpojums-atputas-periodos-ir-pieejams-malme-un-eskilstuna\\\/#article\",\"isPartOf\":{\"@id\":\"https:\\\/\\\/driversfirst.eu\\\/lv\\\/news\\\/tagad-pieejams-pakalpojums-atputas-periodos-ir-pieejams-malme-un-eskilstuna\\\/\"},\"author\":{\"name\":\"admin\",\"@id\":\"https:\\\/\\\/driversfirst.eu\\\/lv\\\/#\\\/schema\\\/person\\\/6a4949ce88958aeaaefb15fd02995817\"},\"headline\":\"Tagad pieejams: pakalpojums atp\u016btas periodos ir pieejams Malm\u0113, J\u0113nk\u0113ping\u0101 un Eskilst\u016bn\u0101\",\"datePublished\":\"2026-09-01T06:00:00+00:00\",\"dateModified\":\"2026-09-02T19:47:52+00:00\",\"mainEntityOfPage\":{\"@id\":\"https:\\\/\\\/driversfirst.eu\\\/lv\\\/news\\\/tagad-pieejams-pakalpojums-atputas-periodos-ir-pieejams-malme-un-eskilstuna\\\/\"},\"wordCount\":653,\"publisher\":{\"@id\":\"https:\\\/\\\/driversfirst.eu\\\/lv\\\/#organization\"},\"image\":{\"@id\":\"https:\\\/\\\/driversfirst.eu\\\/lv\\\/news\\\/tagad-pieejams-pakalpojums-atputas-periodos-ir-pieejams-malme-un-eskilstuna\\\/#primaryimage\"},\"thumbnailUrl\":\"https:\\\/\\\/driversfirst.eu\\\/wp-content\\\/uploads\\\/2025\\\/09\\\/RMS_Logotyp_2col-scaled-1.png\",\"articleSection\":[\"Uncategorized @lv\"],\"inLanguage\":\"lv-LV\"},{\"@type\":\"WebPage\",\"@id\":\"https:\\\/\\\/driversfirst.eu\\\/lv\\\/news\\\/tagad-pieejams-pakalpojums-atputas-periodos-ir-pieejams-malme-un-eskilstuna\\\/\",\"url\":\"https:\\\/\\\/driversfirst.eu\\\/lv\\\/news\\\/tagad-pieejams-pakalpojums-atputas-periodos-ir-pieejams-malme-un-eskilstuna\\\/\",\"name\":\"Tagad pieejams: pakalpojums atp\u016btas periodos ir pieejams Malm\u0113, J\u0113nk\u0113ping\u0101 un Eskilst\u016bn\u0101 - Drivers First Security Parking\",\"isPartOf\":{\"@id\":\"https:\\\/\\\/driversfirst.eu\\\/lv\\\/#website\"},\"primaryImageOfPage\":{\"@id\":\"https:\\\/\\\/driversfirst.eu\\\/lv\\\/news\\\/tagad-pieejams-pakalpojums-atputas-periodos-ir-pieejams-malme-un-eskilstuna\\\/#primaryimage\"},\"image\":{\"@id\":\"https:\\\/\\\/driversfirst.eu\\\/lv\\\/news\\\/tagad-pieejams-pakalpojums-atputas-periodos-ir-pieejams-malme-un-eskilstuna\\\/#primaryimage\"},\"thumbnailUrl\":\"https:\\\/\\\/driversfirst.eu\\\/wp-content\\\/uploads\\\/2025\\\/09\\\/RMS_Logotyp_2col-scaled-1.png\",\"datePublished\":\"2026-09-01T06:00:00+00:00\",\"dateModified\":\"2026-09-02T19:47:52+00:00\",\"breadcrumb\":{\"@id\":\"https:\\\/\\\/driversfirst.eu\\\/lv\\\/news\\\/tagad-pieejams-pakalpojums-atputas-periodos-ir-pieejams-malme-un-eskilstuna\\\/#breadcrumb\"},\"inLanguage\":\"lv-LV\",\"potentialAction\":[{\"@type\":\"ReadAction\",\"target\":[\"https:\\\/\\\/driversfirst.eu\\\/lv\\\/news\\\/tagad-pieejams-pakalpojums-atputas-periodos-ir-pieejams-malme-un-eskilstuna\\\/\"]}]},{\"@type\":\"ImageObject\",\"inLanguage\":\"lv-LV\",\"@id\":\"https:\\\/\\\/driversfirst.eu\\\/lv\\\/news\\\/tagad-pieejams-pakalpojums-atputas-periodos-ir-pieejams-malme-un-eskilstuna\\\/#primaryimage\",\"url\":\"https:\\\/\\\/driversfirst.eu\\\/wp-content\\\/uploads\\\/2025\\\/09\\\/RMS_Logotyp_2col-scaled-1.png\",\"contentUrl\":\"https:\\\/\\\/driversfirst.eu\\\/wp-content\\\/uploads\\\/2025\\\/09\\\/RMS_Logotyp_2col-scaled-1.png\",\"width\":2560,\"height\":950},{\"@type\":\"BreadcrumbList\",\"@id\":\"https:\\\/\\\/driversfirst.eu\\\/lv\\\/news\\\/tagad-pieejams-pakalpojums-atputas-periodos-ir-pieejams-malme-un-eskilstuna\\\/#breadcrumb\",\"itemListElement\":[{\"@type\":\"ListItem\",\"position\":1,\"name\":\"S\u0101kums\",\"item\":\"https:\\\/\\\/driversfirst.eu\\\/lv\\\/sakums\\\/\"},{\"@type\":\"ListItem\",\"position\":2,\"name\":\"Tagad pieejams: pakalpojums atp\u016btas periodos ir pieejams Malm\u0113, J\u0113nk\u0113ping\u0101 un Eskilst\u016bn\u0101\"}]},{\"@type\":\"WebSite\",\"@id\":\"https:\\\/\\\/driversfirst.eu\\\/lv\\\/#website\",\"url\":\"https:\\\/\\\/driversfirst.eu\\\/lv\\\/\",\"name\":\"Drivers First Security Parking\",\"description\":\"Secure full service truck stops\",\"publisher\":{\"@id\":\"https:\\\/\\\/driversfirst.eu\\\/lv\\\/#organization\"},\"potentialAction\":[{\"@type\":\"SearchAction\",\"target\":{\"@type\":\"EntryPoint\",\"urlTemplate\":\"https:\\\/\\\/driversfirst.eu\\\/lv\\\/?s={search_term_string}\"},\"query-input\":{\"@type\":\"PropertyValueSpecification\",\"valueRequired\":true,\"valueName\":\"search_term_string\"}}],\"inLanguage\":\"lv-LV\"},{\"@type\":\"Organization\",\"@id\":\"https:\\\/\\\/driversfirst.eu\\\/lv\\\/#organization\",\"name\":\"Drivers First Security Parking\",\"alternateName\":\"Vad\u012bt\u0101jiem \u2013 priorit\u0101te\",\"url\":\"https:\\\/\\\/driversfirst.eu\\\/lv\\\/\",\"logo\":{\"@type\":\"ImageObject\",\"inLanguage\":\"lv-LV\",\"@id\":\"https:\\\/\\\/driversfirst.eu\\\/lv\\\/#\\\/schema\\\/logo\\\/image\\\/\",\"url\":\"https:\\\/\\\/driversfirst.eu\\\/wp-content\\\/uploads\\\/2025\\\/08\\\/drivers-first-security-parking-scaled.png\",\"contentUrl\":\"https:\\\/\\\/driversfirst.eu\\\/wp-content\\\/uploads\\\/2025\\\/08\\\/drivers-first-security-parking-scaled.png\",\"width\":2560,\"height\":490,\"caption\":\"Drivers First Security Parking\"},\"image\":{\"@id\":\"https:\\\/\\\/driversfirst.eu\\\/lv\\\/#\\\/schema\\\/logo\\\/image\\\/\"},\"sameAs\":[\"https:\\\/\\\/www.facebook.com\\\/p\\\/Drivers-First-61558688551720\\\/\",\"https:\\\/\\\/www.linkedin.com\\\/company\\\/driversfirst\"]},{\"@type\":\"Person\",\"@id\":\"https:\\\/\\\/driversfirst.eu\\\/lv\\\/#\\\/schema\\\/person\\\/6a4949ce88958aeaaefb15fd02995817\",\"name\":\"admin\",\"image\":{\"@type\":\"ImageObject\",\"inLanguage\":\"lv-LV\",\"@id\":\"https:\\\/\\\/secure.gravatar.com\\\/avatar\\\/f570c8ee5492a8a1bd00d4eae858059eefc640db248e399d9394e0731b1504bf?s=96&d=mm&r=g\",\"url\":\"https:\\\/\\\/secure.gravatar.com\\\/avatar\\\/f570c8ee5492a8a1bd00d4eae858059eefc640db248e399d9394e0731b1504bf?s=96&d=mm&r=g\",\"contentUrl\":\"https:\\\/\\\/secure.gravatar.com\\\/avatar\\\/f570c8ee5492a8a1bd00d4eae858059eefc640db248e399d9394e0731b1504bf?s=96&d=mm&r=g\",\"caption\":\"admin\"},\"sameAs\":[\"https:\\\/\\\/driversfirst.eu\"]}]}<\/script>\n<!-- \/ Yoast SEO plugin. -->","yoast_head_json":{"title":"Tagad pieejams: pakalpojums atp\u016btas periodos ir pieejams Malm\u0113, J\u0113nk\u0113ping\u0101 un Eskilst\u016bn\u0101 - Drivers First Security Parking","robots":{"index":"index","follow":"follow","max-snippet":"max-snippet:-1","max-image-preview":"max-image-preview:large","max-video-preview":"max-video-preview:-1"},"canonical":"https:\/\/driversfirst.eu\/lv\/news\/tagad-pieejams-pakalpojums-atputas-periodos-ir-pieejams-malme-un-eskilstuna\/","og_locale":"lv_LV","og_type":"article","og_title":"Tagad pieejams: pakalpojums atp\u016btas periodos ir pieejams Malm\u0113, J\u0113nk\u0113ping\u0101 un Eskilst\u016bn\u0101 - Drivers First Security Parking","og_description":"Drivers First un Road Mobility Services ir uzs\u0101ku\u0161i savu kop\u012bgo pakalpojumu \u2013 apkope un tehnisk\u0101 apkalpo\u0161ana tagad tiek veikta uz vietas, kam\u0113r vad\u012bt\u0101js atp\u016b\u0161as. Transporta uz\u0146\u0113mumi var rezerv\u0113t pakalpojumu, s\u0101kot ar \u0161odienu. \u0160is pakalpojums ir pieejams Drivers First objektos Malm\u0113 un Eskilst\u016bn\u0101. Gada laik\u0101 tiks pievienoti v\u0113l citi objekti. K\u0101 tas darbojas praks\u0113 Kam\u0113r vad\u012bt\u0101js [&hellip;]","og_url":"https:\/\/driversfirst.eu\/lv\/news\/tagad-pieejams-pakalpojums-atputas-periodos-ir-pieejams-malme-un-eskilstuna\/","og_site_name":"Drivers First Security Parking","article_publisher":"https:\/\/www.facebook.com\/p\/Drivers-First-61558688551720\/","article_published_time":"2026-09-01T06:00:00+00:00","article_modified_time":"2026-09-02T19:47:52+00:00","og_image":[{"width":2560,"height":950,"url":"https:\/\/driversfirst.eu\/wp-content\/uploads\/2025\/09\/RMS_Logotyp_2col-scaled-1.png","type":"image\/png"}],"author":"admin","twitter_card":"summary_large_image","twitter_misc":{"Written by":"admin","Est. reading time":"3 minutes"},"schema":{"@context":"https:\/\/schema.org","@graph":[{"@type":"Article","@id":"https:\/\/driversfirst.eu\/lv\/news\/tagad-pieejams-pakalpojums-atputas-periodos-ir-pieejams-malme-un-eskilstuna\/#article","isPartOf":{"@id":"https:\/\/driversfirst.eu\/lv\/news\/tagad-pieejams-pakalpojums-atputas-periodos-ir-pieejams-malme-un-eskilstuna\/"},"author":{"name":"admin","@id":"https:\/\/driversfirst.eu\/lv\/#\/schema\/person\/6a4949ce88958aeaaefb15fd02995817"},"headline":"Tagad pieejams: pakalpojums atp\u016btas periodos ir pieejams Malm\u0113, J\u0113nk\u0113ping\u0101 un Eskilst\u016bn\u0101","datePublished":"2026-09-01T06:00:00+00:00","dateModified":"2026-09-02T19:47:52+00:00","mainEntityOfPage":{"@id":"https:\/\/driversfirst.eu\/lv\/news\/tagad-pieejams-pakalpojums-atputas-periodos-ir-pieejams-malme-un-eskilstuna\/"},"wordCount":653,"publisher":{"@id":"https:\/\/driversfirst.eu\/lv\/#organization"},"image":{"@id":"https:\/\/driversfirst.eu\/lv\/news\/tagad-pieejams-pakalpojums-atputas-periodos-ir-pieejams-malme-un-eskilstuna\/#primaryimage"},"thumbnailUrl":"https:\/\/driversfirst.eu\/wp-content\/uploads\/2025\/09\/RMS_Logotyp_2col-scaled-1.png","articleSection":["Uncategorized @lv"],"inLanguage":"lv-LV"},{"@type":"WebPage","@id":"https:\/\/driversfirst.eu\/lv\/news\/tagad-pieejams-pakalpojums-atputas-periodos-ir-pieejams-malme-un-eskilstuna\/","url":"https:\/\/driversfirst.eu\/lv\/news\/tagad-pieejams-pakalpojums-atputas-periodos-ir-pieejams-malme-un-eskilstuna\/","name":"Tagad pieejams: pakalpojums atp\u016btas periodos ir pieejams Malm\u0113, J\u0113nk\u0113ping\u0101 un Eskilst\u016bn\u0101 - Drivers First Security Parking","isPartOf":{"@id":"https:\/\/driversfirst.eu\/lv\/#website"},"primaryImageOfPage":{"@id":"https:\/\/driversfirst.eu\/lv\/news\/tagad-pieejams-pakalpojums-atputas-periodos-ir-pieejams-malme-un-eskilstuna\/#primaryimage"},"image":{"@id":"https:\/\/driversfirst.eu\/lv\/news\/tagad-pieejams-pakalpojums-atputas-periodos-ir-pieejams-malme-un-eskilstuna\/#primaryimage"},"thumbnailUrl":"https:\/\/driversfirst.eu\/wp-content\/uploads\/2025\/09\/RMS_Logotyp_2col-scaled-1.png","datePublished":"2026-09-01T06:00:00+00:00","dateModified":"2026-09-02T19:47:52+00:00","breadcrumb":{"@id":"https:\/\/driversfirst.eu\/lv\/news\/tagad-pieejams-pakalpojums-atputas-periodos-ir-pieejams-malme-un-eskilstuna\/#breadcrumb"},"inLanguage":"lv-LV","potentialAction":[{"@type":"ReadAction","target":["https:\/\/driversfirst.eu\/lv\/news\/tagad-pieejams-pakalpojums-atputas-periodos-ir-pieejams-malme-un-eskilstuna\/"]}]},{"@type":"ImageObject","inLanguage":"lv-LV","@id":"https:\/\/driversfirst.eu\/lv\/news\/tagad-pieejams-pakalpojums-atputas-periodos-ir-pieejams-malme-un-eskilstuna\/#primaryimage","url":"https:\/\/driversfirst.eu\/wp-content\/uploads\/2025\/09\/RMS_Logotyp_2col-scaled-1.png","contentUrl":"https:\/\/driversfirst.eu\/wp-content\/uploads\/2025\/09\/RMS_Logotyp_2col-scaled-1.png","width":2560,"height":950},{"@type":"BreadcrumbList","@id":"https:\/\/driversfirst.eu\/lv\/news\/tagad-pieejams-pakalpojums-atputas-periodos-ir-pieejams-malme-un-eskilstuna\/#breadcrumb","itemListElement":[{"@type":"ListItem","position":1,"name":"S\u0101kums","item":"https:\/\/driversfirst.eu\/lv\/sakums\/"},{"@type":"ListItem","position":2,"name":"Tagad pieejams: pakalpojums atp\u016btas periodos ir pieejams Malm\u0113, J\u0113nk\u0113ping\u0101 un Eskilst\u016bn\u0101"}]},{"@type":"WebSite","@id":"https:\/\/driversfirst.eu\/lv\/#website","url":"https:\/\/driversfirst.eu\/lv\/","name":"Drivers First Security Parking","description":"Secure full service truck stops","publisher":{"@id":"https:\/\/driversfirst.eu\/lv\/#organization"},"potentialAction":[{"@type":"SearchAction","target":{"@type":"EntryPoint","urlTemplate":"https:\/\/driversfirst.eu\/lv\/?s={search_term_string}"},"query-input":{"@type":"PropertyValueSpecification","valueRequired":true,"valueName":"search_term_string"}}],"inLanguage":"lv-LV"},{"@type":"Organization","@id":"https:\/\/driversfirst.eu\/lv\/#organization","name":"Drivers First Security Parking","alternateName":"Vad\u012bt\u0101jiem \u2013 priorit\u0101te","url":"https:\/\/driversfirst.eu\/lv\/","logo":{"@type":"ImageObject","inLanguage":"lv-LV","@id":"https:\/\/driversfirst.eu\/lv\/#\/schema\/logo\/image\/","url":"https:\/\/driversfirst.eu\/wp-content\/uploads\/2025\/08\/drivers-first-security-parking-scaled.png","contentUrl":"https:\/\/driversfirst.eu\/wp-content\/uploads\/2025\/08\/drivers-first-security-parking-scaled.png","width":2560,"height":490,"caption":"Drivers First Security Parking"},"image":{"@id":"https:\/\/driversfirst.eu\/lv\/#\/schema\/logo\/image\/"},"sameAs":["https:\/\/www.facebook.com\/p\/Drivers-First-61558688551720\/","https:\/\/www.linkedin.com\/company\/driversfirst"]},{"@type":"Person","@id":"https:\/\/driversfirst.eu\/lv\/#\/schema\/person\/6a4949ce88958aeaaefb15fd02995817","name":"admin","image":{"@type":"ImageObject","inLanguage":"lv-LV","@id":"https:\/\/secure.gravatar.com\/avatar\/f570c8ee5492a8a1bd00d4eae858059eefc640db248e399d9394e0731b1504bf?s=96&d=mm&r=g","url":"https:\/\/secure.gravatar.com\/avatar\/f570c8ee5492a8a1bd00d4eae858059eefc640db248e399d9394e0731b1504bf?s=96&d=mm&r=g","contentUrl":"https:\/\/secure.gravatar.com\/avatar\/f570c8ee5492a8a1bd00d4eae858059eefc640db248e399d9394e0731b1504bf?s=96&d=mm&r=g","caption":"admin"},"sameAs":["https:\/\/driversfirst.eu"]}]}},"_links":{"self":[{"href":"https:\/\/driversfirst.eu\/lv\/wp-json\/wp\/v2\/posts\/13434","targetHints":{"allow":["GET"]}}],"collection":[{"href":"https:\/\/driversfirst.eu\/lv\/wp-json\/wp\/v2\/posts"}],"about":[{"href":"https:\/\/driversfirst.eu\/lv\/wp-json\/wp\/v2\/types\/post"}],"author":[{"embeddable":true,"href":"https:\/\/driversfirst.eu\/lv\/wp-json\/wp\/v2\/users\/5"}],"replies":[{"embeddable":true,"href":"https:\/\/driversfirst.eu\/lv\/wp-json\/wp\/v2\/comments?post=13434"}],"version-history":[{"count":2,"href":"https:\/\/driversfirst.eu\/lv\/wp-json\/wp\/v2\/posts\/13434\/revisions"}],"predecessor-version":[{"id":13459,"href":"https:\/\/driversfirst.eu\/lv\/wp-json\/wp\/v2\/posts\/13434\/revisions\/13459"}],"wp:featuredmedia":[{"embeddable":true,"href":"https:\/\/driversfirst.eu\/lv\/wp-json\/wp\/v2\/media\/5529"}],"wp:attachment":[{"href":"https:\/\/driversfirst.eu\/lv\/wp-json\/wp\/v2\/media?parent=13434"}],"wp:term":[{"taxonomy":"category","embeddable":true,"href":"https:\/\/driversfirst.eu\/lv\/wp-json\/wp\/v2\/categories?post=13434"},{"taxonomy":"post_tag","embeddable":true,"href":"https:\/\/driversfirst.eu\/lv\/wp-json\/wp\/v2\/tags?post=13434"}],"curies":[{"name":"wp","href":"https:\/\/api.w.org\/{rel}","templated":true}]}}