{"id":5492,"date":"2025-10-08T08:47:12","date_gmt":"2025-10-08T06:47:12","guid":{"rendered":"https:\/\/driversfirst.eu\/news\/biztonsagos-parkolo-nyilik-nehezgepjarmuvek-szamara-az-oresund-hidnal\/"},"modified":"2025-11-02T23:10:09","modified_gmt":"2025-11-02T22:10:09","slug":"biztonsagos-parkolo-nyilik-nehezgepjarmuvek-szamara-az-oresund-hidnal","status":"publish","type":"post","link":"https:\/\/driversfirst.eu\/hu\/news\/biztonsagos-parkolo-nyilik-nehezgepjarmuvek-szamara-az-oresund-hidnal\/","title":{"rendered":"Biztons\u00e1gos parkol\u00f3 ny\u00edlik neh\u00e9zg\u00e9pj\u00e1rm\u0171vek sz\u00e1m\u00e1ra az \u00d8resund h\u00eddn\u00e1l"},"content":{"rendered":"\n<p>A kamionsof\u0151r\u00f6k biztons\u00e1ga a k\u00f6z\u00e9ppontban, mivel id\u00e9n novemberben \u00faj, biztons\u00e1gos parkol\u00f3 l\u00e9tes\u00edtm\u00e9ny ny\u00edlik neh\u00e9zg\u00e9pj\u00e1rm\u0171vek sz\u00e1m\u00e1ra a malm\u0151i Ollebo Termin\u00e1lon.<\/p>\n\n<p>A 35 kamion befogad\u00e1s\u00e1ra alkalmas l\u00e9tes\u00edtm\u00e9ny a Drivers First, a Venturi Fastigheter \u00e9s az \u00d8resund h\u00edd k\u00f6z\u00f6tti strat\u00e9giai egy\u00fcttm\u0171k\u00f6d\u00e9s eredm\u00e9nye.<\/p>\n\n<p>A biztons\u00e1gos parkol\u00f3ter\u00fcletet \u00fagy tervezt\u00e9k, hogy a j\u00f6v\u0151ben a keresletnek megfelel\u0151en b\u0151v\u00edthet\u0151 legyen. A kezdem\u00e9nyez\u00e9s az \u00d8resund H\u00edd Konzorciummal szoros egy\u00fcttm\u0171k\u00f6d\u00e9sben val\u00f3sul meg, ami azt jelenti, hogy az \u00d8resund H\u00edd \u00fcgyfelei exkluz\u00edv el\u0151ny\u00f6ket kapnak: 15% kedvezm\u00e9nyt a parkol\u00e1sra, ingyenes Drivers First tags\u00e1got az els\u0151 \u00e9vben, \u00e9s ingyenes parkol\u00e1st a nyit\u00f3h\u00e9ten. <\/p>\n\n<p>Az \u00faj parkol\u00f3 l\u00e9tes\u00edtm\u00e9ny zuhanyz\u00f3kkal, WC-kkel, sof\u0151rpihen\u0151vel, kamer\u00e1s megfigyel\u00e9ssel \u00e9s a helyek digit\u00e1lis el\u0151foglal\u00e1s\u00e1nak lehet\u0151s\u00e9g\u00e9vel van felszerelve. Ez a beruh\u00e1z\u00e1s jelent\u0151s javul\u00e1st jelent Malm\u00f6 infrastrukt\u00far\u00e1j\u00e1ban, ahol r\u00e9g\u00f3ta hi\u00e1ny van a neh\u00e9zg\u00e9pj\u00e1rm\u0171vek sz\u00e1m\u00e1ra biztons\u00e1gos parkol\u00e1si lehet\u0151s\u00e9gekb\u0151l. <\/p>\n\n<blockquote class=\"wp-block-quote is-layout-flow wp-block-quote-is-layout-flow\">\n<p>\u201e\u00daj szabv\u00e1nyt szeretn\u00e9nk fel\u00e1ll\u00edtani a sof\u0151r\u00f6k munkak\u00f6r\u00fclm\u00e9nyeire vonatkoz\u00f3an. Modern l\u00e9tes\u00edtm\u00e9nyekkel \u00e9s biztons\u00e1gos parkol\u00f3helyekkel hozz\u00e1j\u00e1rulunk egy fenntarthat\u00f3bb ipar\u00e1ghoz. A parkol\u00f3hely keres\u00e9s\u00e9re ford\u00edtott id\u0151 cs\u00f6kkent\u00e9se szint\u00e9n pozit\u00edv hat\u00e1ssal van a k\u00f6rnyezetre \u00e9s a sof\u0151r\u00f6k mindennapjaira is\u201d \u2013 mondja Gustav Jacobsson, a Drivers First vez\u00e9rigazgat\u00f3ja.<\/p>\n<\/blockquote>\n\n<p>A Venturi Fastigheter sz\u00e1m\u00e1ra a projekt a v\u00e1rosfejleszt\u00e9s fontos r\u00e9sze.<\/p>\n\n<blockquote class=\"wp-block-quote is-layout-flow wp-block-quote-is-layout-flow\">\n<p>\u201eIngatlantulajdonosk\u00e9nt term\u00e9szetesnek tartjuk, hogy olyan megold\u00e1sokhoz j\u00e1ruljunk hozz\u00e1, amelyek er\u0151s\u00edtik Malm\u00f6 szerep\u00e9t mint k\u00f6zleked\u00e9si csom\u00f3pont. Ez a projekt \u00f6tv\u00f6zi az \u00fczleti ig\u00e9nyeket a t\u00e1rsadalmi felel\u0151ss\u00e9gv\u00e1llal\u00e1ssal\u201d \u2013 mondja Erik Fischer, a Venturi Fastigheter vez\u00e9rigazgat\u00f3ja.<\/p>\n<\/blockquote>\n\n<p>Az \u00d8resund h\u00edd egy\u00e9rtelm\u0171 el\u0151ny\u00f6ket l\u00e1t az egy\u00fcttm\u0171k\u00f6d\u00e9sb\u0151l.<\/p>\n\n<blockquote class=\"wp-block-quote is-layout-flow wp-block-quote-is-layout-flow\">\n<p>\u201eBiztons\u00e1gos parkol\u00f3 l\u00e9tes\u00edtm\u00e9ny biztos\u00edt\u00e1s\u00e1val er\u0151s\u00edtj\u00fck a h\u00edd vonzerej\u00e9t mint k\u00f6zleked\u00e9si \u00fatvonalat a sof\u0151r\u00f6k sz\u00e1m\u00e1ra. Ezen partners\u00e9g r\u00e9v\u00e9n \u00fcgyfeleink kedvez\u0151 felt\u00e9telekhez jutnak Malm\u0151ben, amelyek sim\u00e1bb\u00e1 \u00e9s biztons\u00e1gosabb\u00e1 teszik utaz\u00e1sukat\u201d \u2013 mondja Linus Eriksson, az \u00d8resund h\u00edd vez\u00e9rigazgat\u00f3ja.<\/p>\n<\/blockquote>\n\n<p>A Drivers First c\u00e9lja, hogy biztons\u00e1gos, modern pihen\u0151helyeket hozzon l\u00e9tre Sv\u00e9dorsz\u00e1g legforgalmasabb sz\u00e1ll\u00edt\u00e1si \u00fatvonalai ment\u00e9n. A malm\u0151i strat\u00e9giai egy\u00fcttm\u0171k\u00f6d\u00e9s \u00fajabb l\u00e9p\u00e9st jelent ebben a terjeszked\u00e9sben, \u00e9s a Venturi Fastigheterrel \u00e9s az \u00d8resund h\u00edddal val\u00f3 partners\u00e9g sk\u00e1l\u00e1zhat\u00f3 modellt hoz l\u00e9tre, amely m\u00e1s helysz\u00edneken is megval\u00f3s\u00edthat\u00f3. <\/p>\n\n<hr class=\"wp-block-separator has-alpha-channel-opacity\"\/>\n\n<p><strong>T\u00e9nyek: Drivers First<\/strong><br\/>A Drivers First egy sv\u00e9d v\u00e1llalat, amely modern pihen\u0151helyeket \u00e9p\u00edt \u00e9s \u00fczemeltet, a biztons\u00e1gra, k\u00e9nyelemre \u00e9s a hivat\u00e1sos sof\u0151r\u00f6k munkak\u00f6r\u00fclm\u00e9nyeire \u00f6sszpontos\u00edtva. Biztons\u00e1gos parkol\u00e1ssal, tiszta l\u00e9tes\u00edtm\u00e9nyekkel \u00e9s digit\u00e1lis megold\u00e1sokkal a v\u00e1llalat egy szabv\u00e1nyos\u00edtott modellt biztos\u00edt, amely v\u00e1ltoz\u00e1st hoz a sof\u0151r\u00f6k, sz\u00e1ll\u00edtm\u00e1nyoz\u00f3 c\u00e9gek \u00e9s \u00f6nkorm\u00e1nyzatok sz\u00e1m\u00e1ra.  Ez a harmadik biztons\u00e1gos parkol\u00f3 l\u00e9tes\u00edtm\u00e9ny, amelyet a Drivers First nyitott meg, ambici\u00f3zus tervekkel, hogy t\u00f6bb mint 20 tov\u00e1bbi helysz\u00ednt hozzon l\u00e9tre Sv\u00e9dorsz\u00e1g-szerte \u2013 \u00e9s ugyanennyit az eg\u00e9sz \u00e9szaki r\u00e9gi\u00f3ban.<\/p>\n\n<p><strong>T\u00e9nyek: Venturi Fastigheter<\/strong><br\/>A Venturi Fastigheter irod\u00e1kat, kiskereskedelmi ter\u00fcleteket, rakt\u00e1rakat \u00e9s v\u00e1rosfejleszt\u00e9si projekteket fejleszt \u00e9s kezel. Hossz\u00fa t\u00e1v\u00fa perspekt\u00edv\u00e1val \u00e9s er\u0151s helyi gy\u00f6kerekkel a v\u00e1llalat c\u00e9lja, hogy fenntarthat\u00f3 k\u00f6rnyezeteket hozzon l\u00e9tre, ahol az emberek \u00e9s a v\u00e1llalkoz\u00e1sok vir\u00e1gozhatnak. <\/p>\n\n<p><strong>T\u00e9nyek: Az \u00d8resund H\u00edd Konzorcium<\/strong><br\/>Az \u00d8resund H\u00edd Konzorcium k\u00fcldet\u00e9se az \u00d8resund h\u00edd \u2013 egy h\u00edd, egy alag\u00fat \u00e9s a mesters\u00e9ges Peberholm sziget \u2013 birtokl\u00e1sa \u00e9s \u00fczemeltet\u00e9se, amely 16 kilom\u00e9ter hosszan h\u00faz\u00f3dik D\u00e1nia \u00e9s Sv\u00e9dorsz\u00e1g k\u00f6z\u00f6tt. A hidat naponta t\u00f6bb ezer sof\u0151r \u00e9s sz\u00e1ll\u00edtm\u00e1nyoz\u00f3 c\u00e9g haszn\u00e1lja, \u00e9s l\u00e9tfontoss\u00e1g\u00fa r\u00e9sz\u00e9t k\u00e9pezi az \u00d8resund r\u00e9gi\u00f3 kereskedelm\u00e9t, n\u00f6veked\u00e9s\u00e9t \u00e9s integr\u00e1ci\u00f3j\u00e1t t\u00e1mogat\u00f3 infrastrukt\u00far\u00e1nak. <\/p>\n\n<p><\/p>\n","protected":false},"excerpt":{"rendered":"<p>A kamionsof\u0151r\u00f6k biztons\u00e1ga a k\u00f6z\u00e9ppontban, mivel id\u00e9n novemberben \u00faj, biztons\u00e1gos parkol\u00f3 l\u00e9tes\u00edtm\u00e9ny ny\u00edlik neh\u00e9zg\u00e9pj\u00e1rm\u0171vek sz\u00e1m\u00e1ra a malm\u0151i Ollebo Termin\u00e1lon. A 35 kamion befogad\u00e1s\u00e1ra alkalmas l\u00e9tes\u00edtm\u00e9ny a Drivers First, a Venturi Fastigheter \u00e9s az \u00d8resund h\u00edd k\u00f6z\u00f6tti strat\u00e9giai egy\u00fcttm\u0171k\u00f6d\u00e9s eredm\u00e9nye. A biztons\u00e1gos parkol\u00f3ter\u00fcletet \u00fagy tervezt\u00e9k, hogy a j\u00f6v\u0151ben a keresletnek megfelel\u0151en b\u0151v\u00edthet\u0151 legyen. A kezdem\u00e9nyez\u00e9s az [&hellip;]<\/p>\n","protected":false},"author":2,"featured_media":5493,"comment_status":"closed","ping_status":"open","sticky":false,"template":"","format":"standard","meta":{"inline_featured_image":false,"footnotes":""},"categories":[101],"tags":[],"class_list":["post-5492","post","type-post","status-publish","format-standard","has-post-thumbnail","hentry","category-uncategorized-hu"],"yoast_head":"<!-- This site is optimized with the Yoast SEO plugin v27.4 - https:\/\/yoast.com\/product\/yoast-seo-wordpress\/ -->\n<title>Biztons\u00e1gos parkol\u00f3 ny\u00edlik neh\u00e9zg\u00e9pj\u00e1rm\u0171vek sz\u00e1m\u00e1ra az \u00d8resund h\u00eddn\u00e1l - Drivers First Security Parking<\/title>\n<meta name=\"robots\" content=\"index, follow, max-snippet:-1, max-image-preview:large, max-video-preview:-1\" \/>\n<link rel=\"canonical\" href=\"https:\/\/driversfirst.eu\/hu\/news\/biztonsagos-parkolo-nyilik-nehezgepjarmuvek-szamara-az-oresund-hidnal\/\" \/>\n<meta property=\"og:locale\" content=\"hu_HU\" \/>\n<meta property=\"og:type\" content=\"article\" \/>\n<meta property=\"og:title\" content=\"Biztons\u00e1gos parkol\u00f3 ny\u00edlik neh\u00e9zg\u00e9pj\u00e1rm\u0171vek sz\u00e1m\u00e1ra az \u00d8resund h\u00eddn\u00e1l - Drivers First Security Parking\" \/>\n<meta property=\"og:description\" content=\"A kamionsof\u0151r\u00f6k biztons\u00e1ga a k\u00f6z\u00e9ppontban, mivel id\u00e9n novemberben \u00faj, biztons\u00e1gos parkol\u00f3 l\u00e9tes\u00edtm\u00e9ny ny\u00edlik neh\u00e9zg\u00e9pj\u00e1rm\u0171vek sz\u00e1m\u00e1ra a malm\u0151i Ollebo Termin\u00e1lon. A 35 kamion befogad\u00e1s\u00e1ra alkalmas l\u00e9tes\u00edtm\u00e9ny a Drivers First, a Venturi Fastigheter \u00e9s az \u00d8resund h\u00edd k\u00f6z\u00f6tti strat\u00e9giai egy\u00fcttm\u0171k\u00f6d\u00e9s eredm\u00e9nye. A biztons\u00e1gos parkol\u00f3ter\u00fcletet \u00fagy tervezt\u00e9k, hogy a j\u00f6v\u0151ben a keresletnek megfelel\u0151en b\u0151v\u00edthet\u0151 legyen. A kezdem\u00e9nyez\u00e9s az [&hellip;]\" \/>\n<meta property=\"og:url\" content=\"https:\/\/driversfirst.eu\/hu\/news\/biztonsagos-parkolo-nyilik-nehezgepjarmuvek-szamara-az-oresund-hidnal\/\" \/>\n<meta property=\"og:site_name\" content=\"Drivers First Security Parking\" \/>\n<meta property=\"article:publisher\" content=\"https:\/\/www.facebook.com\/p\/Drivers-First-61558688551720\/\" \/>\n<meta property=\"article:published_time\" content=\"2025-10-08T06:47:12+00:00\" \/>\n<meta property=\"article:modified_time\" content=\"2025-11-02T22:10:09+00:00\" \/>\n<meta property=\"og:image\" content=\"https:\/\/driversfirst.eu\/wp-content\/uploads\/2025\/10\/Olleboterminalen-10-scaled.jpg\" \/>\n\t<meta property=\"og:image:width\" content=\"2560\" \/>\n\t<meta property=\"og:image:height\" content=\"1706\" \/>\n\t<meta property=\"og:image:type\" content=\"image\/jpeg\" \/>\n<meta name=\"author\" content=\"Gustav\" \/>\n<meta name=\"twitter:card\" content=\"summary_large_image\" \/>\n<meta name=\"twitter:label1\" content=\"Szerz\u0151:\" \/>\n\t<meta name=\"twitter:data1\" content=\"Gustav\" \/>\n\t<meta name=\"twitter:label2\" content=\"Becs\u00fclt olvas\u00e1si id\u0151\" \/>\n\t<meta name=\"twitter:data2\" content=\"4 perc\" \/>\n<script type=\"application\/ld+json\" class=\"yoast-schema-graph\">{\"@context\":\"https:\\\/\\\/schema.org\",\"@graph\":[{\"@type\":\"Article\",\"@id\":\"https:\\\/\\\/driversfirst.eu\\\/hu\\\/news\\\/biztonsagos-parkolo-nyilik-nehezgepjarmuvek-szamara-az-oresund-hidnal\\\/#article\",\"isPartOf\":{\"@id\":\"https:\\\/\\\/driversfirst.eu\\\/hu\\\/news\\\/biztonsagos-parkolo-nyilik-nehezgepjarmuvek-szamara-az-oresund-hidnal\\\/\"},\"author\":{\"name\":\"Gustav\",\"@id\":\"https:\\\/\\\/driversfirst.eu\\\/hu\\\/#\\\/schema\\\/person\\\/58f0313259081aea1863538811053b84\"},\"headline\":\"Biztons\u00e1gos parkol\u00f3 ny\u00edlik neh\u00e9zg\u00e9pj\u00e1rm\u0171vek sz\u00e1m\u00e1ra az \u00d8resund h\u00eddn\u00e1l\",\"datePublished\":\"2025-10-08T06:47:12+00:00\",\"dateModified\":\"2025-11-02T22:10:09+00:00\",\"mainEntityOfPage\":{\"@id\":\"https:\\\/\\\/driversfirst.eu\\\/hu\\\/news\\\/biztonsagos-parkolo-nyilik-nehezgepjarmuvek-szamara-az-oresund-hidnal\\\/\"},\"wordCount\":809,\"publisher\":{\"@id\":\"https:\\\/\\\/driversfirst.eu\\\/hu\\\/#organization\"},\"image\":{\"@id\":\"https:\\\/\\\/driversfirst.eu\\\/hu\\\/news\\\/biztonsagos-parkolo-nyilik-nehezgepjarmuvek-szamara-az-oresund-hidnal\\\/#primaryimage\"},\"thumbnailUrl\":\"https:\\\/\\\/driversfirst.eu\\\/wp-content\\\/uploads\\\/2025\\\/10\\\/Olleboterminalen-10-scaled.jpg\",\"articleSection\":[\"Uncategorized @hu\"],\"inLanguage\":\"hu\"},{\"@type\":\"WebPage\",\"@id\":\"https:\\\/\\\/driversfirst.eu\\\/hu\\\/news\\\/biztonsagos-parkolo-nyilik-nehezgepjarmuvek-szamara-az-oresund-hidnal\\\/\",\"url\":\"https:\\\/\\\/driversfirst.eu\\\/hu\\\/news\\\/biztonsagos-parkolo-nyilik-nehezgepjarmuvek-szamara-az-oresund-hidnal\\\/\",\"name\":\"Biztons\u00e1gos parkol\u00f3 ny\u00edlik neh\u00e9zg\u00e9pj\u00e1rm\u0171vek sz\u00e1m\u00e1ra az \u00d8resund h\u00eddn\u00e1l - Drivers First Security Parking\",\"isPartOf\":{\"@id\":\"https:\\\/\\\/driversfirst.eu\\\/hu\\\/#website\"},\"primaryImageOfPage\":{\"@id\":\"https:\\\/\\\/driversfirst.eu\\\/hu\\\/news\\\/biztonsagos-parkolo-nyilik-nehezgepjarmuvek-szamara-az-oresund-hidnal\\\/#primaryimage\"},\"image\":{\"@id\":\"https:\\\/\\\/driversfirst.eu\\\/hu\\\/news\\\/biztonsagos-parkolo-nyilik-nehezgepjarmuvek-szamara-az-oresund-hidnal\\\/#primaryimage\"},\"thumbnailUrl\":\"https:\\\/\\\/driversfirst.eu\\\/wp-content\\\/uploads\\\/2025\\\/10\\\/Olleboterminalen-10-scaled.jpg\",\"datePublished\":\"2025-10-08T06:47:12+00:00\",\"dateModified\":\"2025-11-02T22:10:09+00:00\",\"breadcrumb\":{\"@id\":\"https:\\\/\\\/driversfirst.eu\\\/hu\\\/news\\\/biztonsagos-parkolo-nyilik-nehezgepjarmuvek-szamara-az-oresund-hidnal\\\/#breadcrumb\"},\"inLanguage\":\"hu\",\"potentialAction\":[{\"@type\":\"ReadAction\",\"target\":[\"https:\\\/\\\/driversfirst.eu\\\/hu\\\/news\\\/biztonsagos-parkolo-nyilik-nehezgepjarmuvek-szamara-az-oresund-hidnal\\\/\"]}]},{\"@type\":\"ImageObject\",\"inLanguage\":\"hu\",\"@id\":\"https:\\\/\\\/driversfirst.eu\\\/hu\\\/news\\\/biztonsagos-parkolo-nyilik-nehezgepjarmuvek-szamara-az-oresund-hidnal\\\/#primaryimage\",\"url\":\"https:\\\/\\\/driversfirst.eu\\\/wp-content\\\/uploads\\\/2025\\\/10\\\/Olleboterminalen-10-scaled.jpg\",\"contentUrl\":\"https:\\\/\\\/driversfirst.eu\\\/wp-content\\\/uploads\\\/2025\\\/10\\\/Olleboterminalen-10-scaled.jpg\",\"width\":2560,\"height\":1706},{\"@type\":\"BreadcrumbList\",\"@id\":\"https:\\\/\\\/driversfirst.eu\\\/hu\\\/news\\\/biztonsagos-parkolo-nyilik-nehezgepjarmuvek-szamara-az-oresund-hidnal\\\/#breadcrumb\",\"itemListElement\":[{\"@type\":\"ListItem\",\"position\":1,\"name\":\"Kezd\u0151lap\",\"item\":\"https:\\\/\\\/driversfirst.eu\\\/hu\\\/\"},{\"@type\":\"ListItem\",\"position\":2,\"name\":\"Biztons\u00e1gos parkol\u00f3 ny\u00edlik neh\u00e9zg\u00e9pj\u00e1rm\u0171vek sz\u00e1m\u00e1ra az \u00d8resund h\u00eddn\u00e1l\"}]},{\"@type\":\"WebSite\",\"@id\":\"https:\\\/\\\/driversfirst.eu\\\/hu\\\/#website\",\"url\":\"https:\\\/\\\/driversfirst.eu\\\/hu\\\/\",\"name\":\"Drivers First Security Parking\",\"description\":\"Secure full service truck stops\",\"publisher\":{\"@id\":\"https:\\\/\\\/driversfirst.eu\\\/hu\\\/#organization\"},\"potentialAction\":[{\"@type\":\"SearchAction\",\"target\":{\"@type\":\"EntryPoint\",\"urlTemplate\":\"https:\\\/\\\/driversfirst.eu\\\/hu\\\/?s={search_term_string}\"},\"query-input\":{\"@type\":\"PropertyValueSpecification\",\"valueRequired\":true,\"valueName\":\"search_term_string\"}}],\"inLanguage\":\"hu\"},{\"@type\":\"Organization\",\"@id\":\"https:\\\/\\\/driversfirst.eu\\\/hu\\\/#organization\",\"name\":\"Drivers First Security Parking\",\"alternateName\":\"Sof\u0151r\u00f6k az els\u0151k\",\"url\":\"https:\\\/\\\/driversfirst.eu\\\/hu\\\/\",\"logo\":{\"@type\":\"ImageObject\",\"inLanguage\":\"hu\",\"@id\":\"https:\\\/\\\/driversfirst.eu\\\/hu\\\/#\\\/schema\\\/logo\\\/image\\\/\",\"url\":\"https:\\\/\\\/driversfirst.eu\\\/wp-content\\\/uploads\\\/2025\\\/08\\\/drivers-first-security-parking-scaled.png\",\"contentUrl\":\"https:\\\/\\\/driversfirst.eu\\\/wp-content\\\/uploads\\\/2025\\\/08\\\/drivers-first-security-parking-scaled.png\",\"width\":2560,\"height\":490,\"caption\":\"Drivers First Security Parking\"},\"image\":{\"@id\":\"https:\\\/\\\/driversfirst.eu\\\/hu\\\/#\\\/schema\\\/logo\\\/image\\\/\"},\"sameAs\":[\"https:\\\/\\\/www.facebook.com\\\/p\\\/Drivers-First-61558688551720\\\/\",\"https:\\\/\\\/www.linkedin.com\\\/company\\\/driversfirst\"]},{\"@type\":\"Person\",\"@id\":\"https:\\\/\\\/driversfirst.eu\\\/hu\\\/#\\\/schema\\\/person\\\/58f0313259081aea1863538811053b84\",\"name\":\"Gustav\",\"image\":{\"@type\":\"ImageObject\",\"inLanguage\":\"hu\",\"@id\":\"https:\\\/\\\/secure.gravatar.com\\\/avatar\\\/1d56e3c0c16a23faf6673f5fd1d77c72934d83ee87febb55d22a53a182faf3a1?s=96&d=mm&r=g\",\"url\":\"https:\\\/\\\/secure.gravatar.com\\\/avatar\\\/1d56e3c0c16a23faf6673f5fd1d77c72934d83ee87febb55d22a53a182faf3a1?s=96&d=mm&r=g\",\"contentUrl\":\"https:\\\/\\\/secure.gravatar.com\\\/avatar\\\/1d56e3c0c16a23faf6673f5fd1d77c72934d83ee87febb55d22a53a182faf3a1?s=96&d=mm&r=g\",\"caption\":\"Gustav\"}}]}<\/script>\n<!-- \/ Yoast SEO plugin. -->","yoast_head_json":{"title":"Biztons\u00e1gos parkol\u00f3 ny\u00edlik neh\u00e9zg\u00e9pj\u00e1rm\u0171vek sz\u00e1m\u00e1ra az \u00d8resund h\u00eddn\u00e1l - Drivers First Security Parking","robots":{"index":"index","follow":"follow","max-snippet":"max-snippet:-1","max-image-preview":"max-image-preview:large","max-video-preview":"max-video-preview:-1"},"canonical":"https:\/\/driversfirst.eu\/hu\/news\/biztonsagos-parkolo-nyilik-nehezgepjarmuvek-szamara-az-oresund-hidnal\/","og_locale":"hu_HU","og_type":"article","og_title":"Biztons\u00e1gos parkol\u00f3 ny\u00edlik neh\u00e9zg\u00e9pj\u00e1rm\u0171vek sz\u00e1m\u00e1ra az \u00d8resund h\u00eddn\u00e1l - Drivers First Security Parking","og_description":"A kamionsof\u0151r\u00f6k biztons\u00e1ga a k\u00f6z\u00e9ppontban, mivel id\u00e9n novemberben \u00faj, biztons\u00e1gos parkol\u00f3 l\u00e9tes\u00edtm\u00e9ny ny\u00edlik neh\u00e9zg\u00e9pj\u00e1rm\u0171vek sz\u00e1m\u00e1ra a malm\u0151i Ollebo Termin\u00e1lon. A 35 kamion befogad\u00e1s\u00e1ra alkalmas l\u00e9tes\u00edtm\u00e9ny a Drivers First, a Venturi Fastigheter \u00e9s az \u00d8resund h\u00edd k\u00f6z\u00f6tti strat\u00e9giai egy\u00fcttm\u0171k\u00f6d\u00e9s eredm\u00e9nye. A biztons\u00e1gos parkol\u00f3ter\u00fcletet \u00fagy tervezt\u00e9k, hogy a j\u00f6v\u0151ben a keresletnek megfelel\u0151en b\u0151v\u00edthet\u0151 legyen. A kezdem\u00e9nyez\u00e9s az [&hellip;]","og_url":"https:\/\/driversfirst.eu\/hu\/news\/biztonsagos-parkolo-nyilik-nehezgepjarmuvek-szamara-az-oresund-hidnal\/","og_site_name":"Drivers First Security Parking","article_publisher":"https:\/\/www.facebook.com\/p\/Drivers-First-61558688551720\/","article_published_time":"2025-10-08T06:47:12+00:00","article_modified_time":"2025-11-02T22:10:09+00:00","og_image":[{"width":2560,"height":1706,"url":"https:\/\/driversfirst.eu\/wp-content\/uploads\/2025\/10\/Olleboterminalen-10-scaled.jpg","type":"image\/jpeg"}],"author":"Gustav","twitter_card":"summary_large_image","twitter_misc":{"Szerz\u0151:":"Gustav","Becs\u00fclt olvas\u00e1si id\u0151":"4 perc"},"schema":{"@context":"https:\/\/schema.org","@graph":[{"@type":"Article","@id":"https:\/\/driversfirst.eu\/hu\/news\/biztonsagos-parkolo-nyilik-nehezgepjarmuvek-szamara-az-oresund-hidnal\/#article","isPartOf":{"@id":"https:\/\/driversfirst.eu\/hu\/news\/biztonsagos-parkolo-nyilik-nehezgepjarmuvek-szamara-az-oresund-hidnal\/"},"author":{"name":"Gustav","@id":"https:\/\/driversfirst.eu\/hu\/#\/schema\/person\/58f0313259081aea1863538811053b84"},"headline":"Biztons\u00e1gos parkol\u00f3 ny\u00edlik neh\u00e9zg\u00e9pj\u00e1rm\u0171vek sz\u00e1m\u00e1ra az \u00d8resund h\u00eddn\u00e1l","datePublished":"2025-10-08T06:47:12+00:00","dateModified":"2025-11-02T22:10:09+00:00","mainEntityOfPage":{"@id":"https:\/\/driversfirst.eu\/hu\/news\/biztonsagos-parkolo-nyilik-nehezgepjarmuvek-szamara-az-oresund-hidnal\/"},"wordCount":809,"publisher":{"@id":"https:\/\/driversfirst.eu\/hu\/#organization"},"image":{"@id":"https:\/\/driversfirst.eu\/hu\/news\/biztonsagos-parkolo-nyilik-nehezgepjarmuvek-szamara-az-oresund-hidnal\/#primaryimage"},"thumbnailUrl":"https:\/\/driversfirst.eu\/wp-content\/uploads\/2025\/10\/Olleboterminalen-10-scaled.jpg","articleSection":["Uncategorized @hu"],"inLanguage":"hu"},{"@type":"WebPage","@id":"https:\/\/driversfirst.eu\/hu\/news\/biztonsagos-parkolo-nyilik-nehezgepjarmuvek-szamara-az-oresund-hidnal\/","url":"https:\/\/driversfirst.eu\/hu\/news\/biztonsagos-parkolo-nyilik-nehezgepjarmuvek-szamara-az-oresund-hidnal\/","name":"Biztons\u00e1gos parkol\u00f3 ny\u00edlik neh\u00e9zg\u00e9pj\u00e1rm\u0171vek sz\u00e1m\u00e1ra az \u00d8resund h\u00eddn\u00e1l - Drivers First Security Parking","isPartOf":{"@id":"https:\/\/driversfirst.eu\/hu\/#website"},"primaryImageOfPage":{"@id":"https:\/\/driversfirst.eu\/hu\/news\/biztonsagos-parkolo-nyilik-nehezgepjarmuvek-szamara-az-oresund-hidnal\/#primaryimage"},"image":{"@id":"https:\/\/driversfirst.eu\/hu\/news\/biztonsagos-parkolo-nyilik-nehezgepjarmuvek-szamara-az-oresund-hidnal\/#primaryimage"},"thumbnailUrl":"https:\/\/driversfirst.eu\/wp-content\/uploads\/2025\/10\/Olleboterminalen-10-scaled.jpg","datePublished":"2025-10-08T06:47:12+00:00","dateModified":"2025-11-02T22:10:09+00:00","breadcrumb":{"@id":"https:\/\/driversfirst.eu\/hu\/news\/biztonsagos-parkolo-nyilik-nehezgepjarmuvek-szamara-az-oresund-hidnal\/#breadcrumb"},"inLanguage":"hu","potentialAction":[{"@type":"ReadAction","target":["https:\/\/driversfirst.eu\/hu\/news\/biztonsagos-parkolo-nyilik-nehezgepjarmuvek-szamara-az-oresund-hidnal\/"]}]},{"@type":"ImageObject","inLanguage":"hu","@id":"https:\/\/driversfirst.eu\/hu\/news\/biztonsagos-parkolo-nyilik-nehezgepjarmuvek-szamara-az-oresund-hidnal\/#primaryimage","url":"https:\/\/driversfirst.eu\/wp-content\/uploads\/2025\/10\/Olleboterminalen-10-scaled.jpg","contentUrl":"https:\/\/driversfirst.eu\/wp-content\/uploads\/2025\/10\/Olleboterminalen-10-scaled.jpg","width":2560,"height":1706},{"@type":"BreadcrumbList","@id":"https:\/\/driversfirst.eu\/hu\/news\/biztonsagos-parkolo-nyilik-nehezgepjarmuvek-szamara-az-oresund-hidnal\/#breadcrumb","itemListElement":[{"@type":"ListItem","position":1,"name":"Kezd\u0151lap","item":"https:\/\/driversfirst.eu\/hu\/"},{"@type":"ListItem","position":2,"name":"Biztons\u00e1gos parkol\u00f3 ny\u00edlik neh\u00e9zg\u00e9pj\u00e1rm\u0171vek sz\u00e1m\u00e1ra az \u00d8resund h\u00eddn\u00e1l"}]},{"@type":"WebSite","@id":"https:\/\/driversfirst.eu\/hu\/#website","url":"https:\/\/driversfirst.eu\/hu\/","name":"Drivers First Security Parking","description":"Secure full service truck stops","publisher":{"@id":"https:\/\/driversfirst.eu\/hu\/#organization"},"potentialAction":[{"@type":"SearchAction","target":{"@type":"EntryPoint","urlTemplate":"https:\/\/driversfirst.eu\/hu\/?s={search_term_string}"},"query-input":{"@type":"PropertyValueSpecification","valueRequired":true,"valueName":"search_term_string"}}],"inLanguage":"hu"},{"@type":"Organization","@id":"https:\/\/driversfirst.eu\/hu\/#organization","name":"Drivers First Security Parking","alternateName":"Sof\u0151r\u00f6k az els\u0151k","url":"https:\/\/driversfirst.eu\/hu\/","logo":{"@type":"ImageObject","inLanguage":"hu","@id":"https:\/\/driversfirst.eu\/hu\/#\/schema\/logo\/image\/","url":"https:\/\/driversfirst.eu\/wp-content\/uploads\/2025\/08\/drivers-first-security-parking-scaled.png","contentUrl":"https:\/\/driversfirst.eu\/wp-content\/uploads\/2025\/08\/drivers-first-security-parking-scaled.png","width":2560,"height":490,"caption":"Drivers First Security Parking"},"image":{"@id":"https:\/\/driversfirst.eu\/hu\/#\/schema\/logo\/image\/"},"sameAs":["https:\/\/www.facebook.com\/p\/Drivers-First-61558688551720\/","https:\/\/www.linkedin.com\/company\/driversfirst"]},{"@type":"Person","@id":"https:\/\/driversfirst.eu\/hu\/#\/schema\/person\/58f0313259081aea1863538811053b84","name":"Gustav","image":{"@type":"ImageObject","inLanguage":"hu","@id":"https:\/\/secure.gravatar.com\/avatar\/1d56e3c0c16a23faf6673f5fd1d77c72934d83ee87febb55d22a53a182faf3a1?s=96&d=mm&r=g","url":"https:\/\/secure.gravatar.com\/avatar\/1d56e3c0c16a23faf6673f5fd1d77c72934d83ee87febb55d22a53a182faf3a1?s=96&d=mm&r=g","contentUrl":"https:\/\/secure.gravatar.com\/avatar\/1d56e3c0c16a23faf6673f5fd1d77c72934d83ee87febb55d22a53a182faf3a1?s=96&d=mm&r=g","caption":"Gustav"}}]}},"_links":{"self":[{"href":"https:\/\/driversfirst.eu\/hu\/wp-json\/wp\/v2\/posts\/5492","targetHints":{"allow":["GET"]}}],"collection":[{"href":"https:\/\/driversfirst.eu\/hu\/wp-json\/wp\/v2\/posts"}],"about":[{"href":"https:\/\/driversfirst.eu\/hu\/wp-json\/wp\/v2\/types\/post"}],"author":[{"embeddable":true,"href":"https:\/\/driversfirst.eu\/hu\/wp-json\/wp\/v2\/users\/2"}],"replies":[{"embeddable":true,"href":"https:\/\/driversfirst.eu\/hu\/wp-json\/wp\/v2\/comments?post=5492"}],"version-history":[{"count":1,"href":"https:\/\/driversfirst.eu\/hu\/wp-json\/wp\/v2\/posts\/5492\/revisions"}],"predecessor-version":[{"id":5494,"href":"https:\/\/driversfirst.eu\/hu\/wp-json\/wp\/v2\/posts\/5492\/revisions\/5494"}],"wp:featuredmedia":[{"embeddable":true,"href":"https:\/\/driversfirst.eu\/hu\/wp-json\/wp\/v2\/media\/5493"}],"wp:attachment":[{"href":"https:\/\/driversfirst.eu\/hu\/wp-json\/wp\/v2\/media?parent=5492"}],"wp:term":[{"taxonomy":"category","embeddable":true,"href":"https:\/\/driversfirst.eu\/hu\/wp-json\/wp\/v2\/categories?post=5492"},{"taxonomy":"post_tag","embeddable":true,"href":"https:\/\/driversfirst.eu\/hu\/wp-json\/wp\/v2\/tags?post=5492"}],"curies":[{"name":"wp","href":"https:\/\/api.w.org\/{rel}","templated":true}]}}