{"id":13440,"date":"2026-09-01T08:00:00","date_gmt":"2026-09-01T06:00:00","guid":{"rendered":"https:\/\/driversfirst.eu\/news\/mar-mukodik-a-pihenoido-alatti-szerviz-elerheto-malmoben-es-eskilstunaban\/"},"modified":"2026-09-01T11:24:00","modified_gmt":"2026-09-01T09:24:00","slug":"mar-mukodik-a-pihenoido-alatti-szerviz-elerheto-malmoben-es-eskilstunaban","status":"publish","type":"post","link":"https:\/\/driversfirst.eu\/hu\/news\/mar-mukodik-a-pihenoido-alatti-szerviz-elerheto-malmoben-es-eskilstunaban\/","title":{"rendered":"M\u00e1r m\u0171k\u00f6dik: A pihen\u0151id\u0151 alatti szerviz el\u00e9rhet\u0151 Malm\u0151ben \u00e9s Eskilstun\u00e1ban"},"content":{"rendered":"\n<p class=\"wp-block-paragraph\"><strong>A Drivers First \u00e9s a Road Mobility Services elind\u00edtotta k\u00f6z\u00f6s szolg\u00e1ltat\u00e1s\u00e1t \u2013 a szerviz \u00e9s karbantart\u00e1s mostant\u00f3l helysz\u00ednen t\u00f6rt\u00e9nik, mik\u00f6zben a sof\u0151r pihen. A fuvaroz\u00f3 v\u00e1llalatok m\u00e1t\u00f3l foglalhatj\u00e1k a szolg\u00e1ltat\u00e1st. <\/strong><\/p>\n\n<p class=\"wp-block-paragraph\">A <a href=\"https:\/\/driversfirst.eu\/hu\/road-mobility-services\/\" data-type=\"page\" data-id=\"7197\">szolg\u00e1ltat\u00e1s<\/a> el\u00e9rhet\u0151 a Drivers First <strong>malm\u0151i<\/strong> \u00e9s <strong>eskilstunai<\/strong> l\u00e9tes\u00edtm\u00e9nyeiben. Az \u00e9v folyam\u00e1n tov\u00e1bbi l\u00e9tes\u00edtm\u00e9nyek ker\u00fclnek hozz\u00e1ad\u00e1sra. <\/p>\n\n<hr class=\"wp-block-separator has-alpha-channel-opacity\"\/>\n\n<h2 class=\"wp-block-heading\">Hogyan m\u0171k\u00f6dik a gyakorlatban<\/h2>\n\n<ol class=\"wp-block-list\">\n<li><strong>H\u00edvja<\/strong> a <a>+46 75 75 75 909<\/a> sz\u00e1mot (24\/7) \u2013 lehet\u0151leg az \u00e9jszakai tart\u00f3zkod\u00e1s foglal\u00e1s\u00e1val egyidej\u0171leg. E-mailben is kapcsolatba l\u00e9phet: <strong><a>EBS@eubrse.com<\/a><\/strong>. <\/li>\n\n\n\n<li><strong>Adja meg<\/strong> a j\u00e1rm\u0171 adatait, az elv\u00e9gzend\u0151 munk\u00e1kat \u00e9s azt, hogy mikor \u00e9rkezik a l\u00e9tes\u00edtm\u00e9nybe.<\/li>\n\n\n\n<li><strong>Meger\u0151s\u00edtj\u00fck<\/strong> a foglal\u00e1st \u00e9s meg\u00e1llapodunk a fizet\u00e9sr\u0151l (sz\u00e1ml\u00e1s \u00fcgyfelek eset\u00e9n sz\u00e1mla; egy\u00e9b esetben fizet\u00e9si link).<\/li>\n\n\n\n<li>A munka a parkol\u00f3ter\u00fcleten t\u00f6rt\u00e9nik, mik\u00f6zben a sof\u0151r pihen\u0151idej\u00e9t t\u00f6lti, \u00e9s a sz\u00e1ml\u00e1t k\u00f6zvetlen\u00fcl a Road Mobility Services \u00e1ll\u00edtja ki.<\/li>\n<\/ol>\n\n<p class=\"wp-block-paragraph\">Mik\u00f6zben a sof\u0151r pihen a Drivers First beker\u00edtett \u00e9s fel\u00fcgyelt l\u00e9tes\u00edtm\u00e9ny\u00e9ben (legal\u00e1bb 11 \u00f3ra napi pihen\u0151id\u0151, legfeljebb 45 \u00f3ra heti pihen\u0151id\u0151 eset\u00e9n), a Road Mobility Services a helysz\u00ednre \u00e9rkezik, hogy elv\u00e9gezze a szerv\u00edzt, karbantart\u00e1st vagy kisebb jav\u00edt\u00e1sokat.<\/p>\n\n<p class=\"wp-block-paragraph\">Amikor a sof\u0151r k\u00e9szen \u00e1ll az \u00fat folytat\u00e1s\u00e1ra, a j\u00e1rm\u0171 teljesen karbantartott \u00e9s felk\u00e9sz\u00fclt a k\u00f6vetkez\u0151 \u00fatra.<\/p>\n\n<hr class=\"wp-block-separator has-alpha-channel-opacity\"\/>\n\n<h2 class=\"wp-block-heading\">Mit v\u00e9geztethet el?<\/h2>\n\n<ul class=\"wp-block-list\">\n<li>Gumiabroncs-nyom\u00e1s ellen\u0151rz\u00e9s \u00e9s gumiabroncs-csere<\/li>\n\n\n\n<li>Folyad\u00e9kok ut\u00e1nt\u00f6lt\u00e9se<\/li>\n\n\n\n<li>Pneumatikus \u00e9s hidraulikus rendszerek jav\u00edt\u00e1sa \/ szervize<\/li>\n\n\n\n<li>Elektromos rendszerek jav\u00edt\u00e1sa \/ szervize<\/li>\n\n\n\n<li>Ponyv\u00e1k jav\u00edt\u00e1sa<\/li>\n\n\n\n<li>Emel\u0151berendez\u00e9sek m\u0171k\u00f6d\u00e9si ellen\u0151rz\u00e9se<\/li>\n<\/ul>\n\n<p class=\"wp-block-paragraph\"><em>Tov\u00e1bbi szolg\u00e1ltat\u00e1sok ker\u00fclnek hozz\u00e1ad\u00e1sra az ig\u00e9nyek alapj\u00e1n.<\/em><\/p>\n\n<hr class=\"wp-block-separator has-alpha-channel-opacity\"\/>\n\n<h2 class=\"wp-block-heading\">N\u00e9gy kulcsfontoss\u00e1g\u00fa el\u0151ny<\/h2>\n\n<p class=\"wp-block-paragraph\"><strong>Nincs tov\u00e1bbi \u00e1ll\u00e1sid\u0151<\/strong> \u2013 a szerviz abban az id\u0151ben t\u00f6rt\u00e9nik, amikor a j\u00e1rm\u0171 am\u00fagy is parkol<br\/><strong>Nincs sz\u00fcks\u00e9g m\u0171helybe utaz\u00e1sra<\/strong> \u2013 minden munka helysz\u00ednen t\u00f6rt\u00e9nik<br\/><strong>Biztons\u00e1g a sof\u0151r\u00f6k \u00e9s a rakom\u00e1ny sz\u00e1m\u00e1ra<\/strong> \u2013 a j\u00e1rm\u0171 beker\u00edtett \u00e9s fel\u00fcgyelt l\u00e9tes\u00edtm\u00e9nyben marad<br\/><strong>Egyszer\u0171s\u00edtett adminisztr\u00e1ci\u00f3<\/strong> \u2013 a parkol\u00e1s \u00e9s a szerviz egy l\u00e9p\u00e9sben foglalhat\u00f3, a Road Mobility Services k\u00f6zvetlen\u00fcl sz\u00e1ml\u00e1zza<\/p>\n\n<hr class=\"wp-block-separator has-alpha-channel-opacity\"\/>\n\n<h2 class=\"wp-block-heading\">Mit mondanak k\u00e9pvisel\u0151ink?<\/h2>\n\n<blockquote class=\"wp-block-quote is-layout-flow wp-block-quote-is-layout-flow\">\n<p class=\"wp-block-paragraph\"><em>\u201eMostant\u00f3l m\u0171k\u00f6d\u00fcnk. Ez az els\u0151 l\u00e9p\u00e9s az ellen\u00e1ll\u00f3 sz\u00e1ll\u00edt\u00e1si infrastrukt\u00fara ki\u00e9p\u00edt\u00e9se fel\u00e9 \u2013 a megszak\u00edt\u00e1s n\u00e9lk\u00fcli ell\u00e1t\u00e1si l\u00e1ncok\u00e9rt. M\u00e1t\u00f3l \u00fcgyfeleink j\u00e1rm\u0171szervizt foglalhatnak parkol\u00e1sukkal egy\u00fctt \u2013 n\u00e1lunk, a Drivers Firstn\u00e9l.\u201d<\/em><br\/><strong>\u2013 Johanna Holm\u00e9n, CCO, Drivers First<\/strong><\/p>\n<\/blockquote>\n\n<blockquote class=\"wp-block-quote is-layout-flow wp-block-quote-is-layout-flow\">\n<p class=\"wp-block-paragraph\"><em>\u201eHelysz\u00ednen vagyunk a Drivers Firstn\u00e9l. Am\u00edg a sof\u0151r pihen, mi szervizelj\u00fck a j\u00e1rm\u0171vet \u2013 tov\u00e1bbi \u00e1ll\u00e1sid\u0151 \u00e9s felesleges m\u0171helyl\u00e1togat\u00e1sok n\u00e9lk\u00fcl. Ez egy forradalmi v\u00e1ltoz\u00e1s a sz\u00e1ll\u00edtm\u00e1nyoz\u00e1si ipar\u00e1gban.\u201d<\/em><br\/><strong>\u2013 Markku Reinikainen, Group COO, Road Mobility Services<\/strong><\/p>\n<\/blockquote>\n\n<hr class=\"wp-block-separator has-alpha-channel-opacity\"\/>\n\n<h2 class=\"wp-block-heading\">Foglaljon vagy vegye fel vel\u00fcnk a kapcsolatot<\/h2>\n\n<p class=\"wp-block-paragraph\">Vegye fel vel\u00fcnk a kapcsolatot foglal\u00e1shoz vagy tov\u00e1bbi inform\u00e1ci\u00f3\u00e9rt:<\/p>\n\n<p class=\"wp-block-paragraph\"><strong>Johanna Holm\u00e9n, CCO, Drivers First<\/strong><br\/>\ud83d\udcde <a>+46 735 39 35 11<\/a><br\/>\ud83d\udce7 <a href=\"mailto:johanna.holmen@driversfirst.eu\">johanna.holmen@driversfirst.eu<\/a><\/p>\n\n<p class=\"wp-block-paragraph\"><strong>Markku Reinikainen, Group COO, Road Mobility Services<\/strong><br\/>\ud83d\udcde <a>+46 72 245 3500<\/a><br\/>\ud83d\udce7 <a href=\"mailto:markku.reinikainen@rmsgroup.se\">markku.reinikainen@rmsgroup.se<\/a><\/p>\n\n<hr class=\"wp-block-separator has-alpha-channel-opacity\"\/>\n\n<h2 class=\"wp-block-heading\">A v\u00e1llalatokr\u00f3l<\/h2>\n\n<p class=\"wp-block-paragraph\">A <strong>Drivers First<\/strong> egy sv\u00e9d v\u00e1llalat, amely modern pihen\u0151helyeket fejleszt \u00e9s \u00fczemeltet, a biztons\u00e1gra, k\u00e9nyelemre \u00e9s a hivat\u00e1sos sof\u0151r\u00f6k munkak\u00f6r\u00fclm\u00e9nyeire \u00f6sszpontos\u00edtva. Biztons\u00e1gos parkol\u00e1s, tiszta l\u00e9tes\u00edtm\u00e9nyek \u00e9s digit\u00e1lis megold\u00e1sok r\u00e9v\u00e9n szabv\u00e1nyos\u00edtott modellt hozunk l\u00e9tre, amely k\u00fcl\u00f6nbs\u00e9get jelent a sof\u0151r\u00f6k, fuvaroz\u00f3 v\u00e1llalatok \u00e9s azon \u00f6nkorm\u00e1nyzatok sz\u00e1m\u00e1ra, ahol m\u0171k\u00f6d\u00e9s\u00fcnket megkezdj\u00fck. <\/p>\n\n<p class=\"wp-block-paragraph\">A <strong>Road Mobility Services<\/strong> vezet\u0151 \u00e9szaki gumiabroncs-szolg\u00e1ltat\u00e1si, \u00fatmenti seg\u00edts\u00e9gny\u00fajt\u00e1si, j\u00e1rm\u0171ment\u00e9si, p\u00f3tkocsi-karbantart\u00e1si \u00e9s m\u0171helyszolg\u00e1ltat\u00e1si szolg\u00e1ltat\u00f3 mind k\u00f6nny\u0171-, mind neh\u00e9zg\u00e9pj\u00e1rm\u0171vek sz\u00e1m\u00e1ra. Sv\u00e9dorsz\u00e1gban, Finnorsz\u00e1gban \u00e9s D\u00e1ni\u00e1ban gyorsan b\u0151v\u00fcl\u0151 h\u00e1l\u00f3zatunkkal biztos\u00edtjuk, hogy \u00fcgyfeleink \u2013 a nagy logisztikai \u00fczemeltet\u0151kt\u0151l a mag\u00e1nmotorosokig \u2013 mindig minim\u00e1lis \u00e1ll\u00e1sid\u0151vel tudj\u00e1k kerekeiket forgatni. <\/p>\n","protected":false},"excerpt":{"rendered":"<p>A Drivers First \u00e9s a Road Mobility Services elind\u00edtotta k\u00f6z\u00f6s szolg\u00e1ltat\u00e1s\u00e1t \u2013 a szerviz \u00e9s karbantart\u00e1s mostant\u00f3l helysz\u00ednen t\u00f6rt\u00e9nik, mik\u00f6zben a sof\u0151r pihen. A fuvaroz\u00f3 v\u00e1llalatok m\u00e1t\u00f3l foglalhatj\u00e1k a szolg\u00e1ltat\u00e1st. A szolg\u00e1ltat\u00e1s el\u00e9rhet\u0151 a Drivers First malm\u0151i \u00e9s eskilstunai l\u00e9tes\u00edtm\u00e9nyeiben. Az \u00e9v folyam\u00e1n tov\u00e1bbi l\u00e9tes\u00edtm\u00e9nyek ker\u00fclnek hozz\u00e1ad\u00e1sra. Hogyan m\u0171k\u00f6dik a gyakorlatban Mik\u00f6zben a sof\u0151r pihen [&hellip;]<\/p>\n","protected":false},"author":5,"featured_media":5508,"comment_status":"closed","ping_status":"open","sticky":false,"template":"","format":"standard","meta":{"inline_featured_image":false,"footnotes":""},"categories":[101],"tags":[],"class_list":["post-13440","post","type-post","status-publish","format-standard","has-post-thumbnail","hentry","category-uncategorized-hu"],"yoast_head":"<!-- This site is optimized with the Yoast SEO plugin v28.3 - https:\/\/yoast.com\/product\/yoast-seo-wordpress\/ -->\n<title>M\u00e1r m\u0171k\u00f6dik: A pihen\u0151id\u0151 alatti szerviz el\u00e9rhet\u0151 Malm\u0151ben \u00e9s Eskilstun\u00e1ban - Drivers First Security Parking<\/title>\n<meta name=\"robots\" content=\"index, follow, max-snippet:-1, max-image-preview:large, max-video-preview:-1\" \/>\n<link rel=\"canonical\" href=\"https:\/\/driversfirst.eu\/hu\/news\/mar-mukodik-a-pihenoido-alatti-szerviz-elerheto-malmoben-es-eskilstunaban\/\" \/>\n<meta property=\"og:locale\" content=\"hu_HU\" \/>\n<meta property=\"og:type\" content=\"article\" \/>\n<meta property=\"og:title\" content=\"M\u00e1r m\u0171k\u00f6dik: A pihen\u0151id\u0151 alatti szerviz el\u00e9rhet\u0151 Malm\u0151ben \u00e9s Eskilstun\u00e1ban - Drivers First Security Parking\" \/>\n<meta property=\"og:description\" content=\"A Drivers First \u00e9s a Road Mobility Services elind\u00edtotta k\u00f6z\u00f6s szolg\u00e1ltat\u00e1s\u00e1t \u2013 a szerviz \u00e9s karbantart\u00e1s mostant\u00f3l helysz\u00ednen t\u00f6rt\u00e9nik, mik\u00f6zben a sof\u0151r pihen. A fuvaroz\u00f3 v\u00e1llalatok m\u00e1t\u00f3l foglalhatj\u00e1k a szolg\u00e1ltat\u00e1st. A szolg\u00e1ltat\u00e1s el\u00e9rhet\u0151 a Drivers First malm\u0151i \u00e9s eskilstunai l\u00e9tes\u00edtm\u00e9nyeiben. Az \u00e9v folyam\u00e1n tov\u00e1bbi l\u00e9tes\u00edtm\u00e9nyek ker\u00fclnek hozz\u00e1ad\u00e1sra. Hogyan m\u0171k\u00f6dik a gyakorlatban Mik\u00f6zben a sof\u0151r pihen [&hellip;]\" \/>\n<meta property=\"og:url\" content=\"https:\/\/driversfirst.eu\/hu\/news\/mar-mukodik-a-pihenoido-alatti-szerviz-elerheto-malmoben-es-eskilstunaban\/\" \/>\n<meta property=\"og:site_name\" content=\"Drivers First Security Parking\" \/>\n<meta property=\"article:publisher\" content=\"https:\/\/www.facebook.com\/p\/Drivers-First-61558688551720\/\" \/>\n<meta property=\"article:published_time\" content=\"2026-09-01T06:00:00+00:00\" \/>\n<meta property=\"article:modified_time\" content=\"2026-09-01T09:24:00+00:00\" \/>\n<meta name=\"author\" content=\"admin\" \/>\n<meta name=\"twitter:card\" content=\"summary_large_image\" \/>\n<meta name=\"twitter:label1\" content=\"Szerz\u0151:\" \/>\n\t<meta name=\"twitter:data1\" content=\"admin\" \/>\n\t<meta name=\"twitter:label2\" content=\"Becs\u00fclt olvas\u00e1si id\u0151\" \/>\n\t<meta name=\"twitter:data2\" content=\"4 perc\" \/>\n<script type=\"application\/ld+json\" class=\"yoast-schema-graph\">{\"@context\":\"https:\\\/\\\/schema.org\",\"@graph\":[{\"@type\":\"Article\",\"@id\":\"https:\\\/\\\/driversfirst.eu\\\/hu\\\/news\\\/mar-mukodik-a-pihenoido-alatti-szerviz-elerheto-malmoben-es-eskilstunaban\\\/#article\",\"isPartOf\":{\"@id\":\"https:\\\/\\\/driversfirst.eu\\\/hu\\\/news\\\/mar-mukodik-a-pihenoido-alatti-szerviz-elerheto-malmoben-es-eskilstunaban\\\/\"},\"author\":{\"name\":\"admin\",\"@id\":\"https:\\\/\\\/driversfirst.eu\\\/hu\\\/#\\\/schema\\\/person\\\/6a4949ce88958aeaaefb15fd02995817\"},\"headline\":\"M\u00e1r m\u0171k\u00f6dik: A pihen\u0151id\u0151 alatti szerviz el\u00e9rhet\u0151 Malm\u0151ben \u00e9s Eskilstun\u00e1ban\",\"datePublished\":\"2026-09-01T06:00:00+00:00\",\"dateModified\":\"2026-09-01T09:24:00+00:00\",\"mainEntityOfPage\":{\"@id\":\"https:\\\/\\\/driversfirst.eu\\\/hu\\\/news\\\/mar-mukodik-a-pihenoido-alatti-szerviz-elerheto-malmoben-es-eskilstunaban\\\/\"},\"wordCount\":780,\"publisher\":{\"@id\":\"https:\\\/\\\/driversfirst.eu\\\/hu\\\/#organization\"},\"image\":{\"@id\":\"https:\\\/\\\/driversfirst.eu\\\/hu\\\/news\\\/mar-mukodik-a-pihenoido-alatti-szerviz-elerheto-malmoben-es-eskilstunaban\\\/#primaryimage\"},\"thumbnailUrl\":\"https:\\\/\\\/driversfirst.eu\\\/wp-content\\\/uploads\\\/2025\\\/09\\\/rms.svg\",\"articleSection\":[\"Uncategorized @hu\"],\"inLanguage\":\"hu\"},{\"@type\":\"WebPage\",\"@id\":\"https:\\\/\\\/driversfirst.eu\\\/hu\\\/news\\\/mar-mukodik-a-pihenoido-alatti-szerviz-elerheto-malmoben-es-eskilstunaban\\\/\",\"url\":\"https:\\\/\\\/driversfirst.eu\\\/hu\\\/news\\\/mar-mukodik-a-pihenoido-alatti-szerviz-elerheto-malmoben-es-eskilstunaban\\\/\",\"name\":\"M\u00e1r m\u0171k\u00f6dik: A pihen\u0151id\u0151 alatti szerviz el\u00e9rhet\u0151 Malm\u0151ben \u00e9s Eskilstun\u00e1ban - Drivers First Security Parking\",\"isPartOf\":{\"@id\":\"https:\\\/\\\/driversfirst.eu\\\/hu\\\/#website\"},\"primaryImageOfPage\":{\"@id\":\"https:\\\/\\\/driversfirst.eu\\\/hu\\\/news\\\/mar-mukodik-a-pihenoido-alatti-szerviz-elerheto-malmoben-es-eskilstunaban\\\/#primaryimage\"},\"image\":{\"@id\":\"https:\\\/\\\/driversfirst.eu\\\/hu\\\/news\\\/mar-mukodik-a-pihenoido-alatti-szerviz-elerheto-malmoben-es-eskilstunaban\\\/#primaryimage\"},\"thumbnailUrl\":\"https:\\\/\\\/driversfirst.eu\\\/wp-content\\\/uploads\\\/2025\\\/09\\\/rms.svg\",\"datePublished\":\"2026-09-01T06:00:00+00:00\",\"dateModified\":\"2026-09-01T09:24:00+00:00\",\"breadcrumb\":{\"@id\":\"https:\\\/\\\/driversfirst.eu\\\/hu\\\/news\\\/mar-mukodik-a-pihenoido-alatti-szerviz-elerheto-malmoben-es-eskilstunaban\\\/#breadcrumb\"},\"inLanguage\":\"hu\",\"potentialAction\":[{\"@type\":\"ReadAction\",\"target\":[\"https:\\\/\\\/driversfirst.eu\\\/hu\\\/news\\\/mar-mukodik-a-pihenoido-alatti-szerviz-elerheto-malmoben-es-eskilstunaban\\\/\"]}]},{\"@type\":\"ImageObject\",\"inLanguage\":\"hu\",\"@id\":\"https:\\\/\\\/driversfirst.eu\\\/hu\\\/news\\\/mar-mukodik-a-pihenoido-alatti-szerviz-elerheto-malmoben-es-eskilstunaban\\\/#primaryimage\",\"url\":\"https:\\\/\\\/driversfirst.eu\\\/wp-content\\\/uploads\\\/2025\\\/09\\\/rms.svg\",\"contentUrl\":\"https:\\\/\\\/driversfirst.eu\\\/wp-content\\\/uploads\\\/2025\\\/09\\\/rms.svg\",\"width\":1738,\"height\":230},{\"@type\":\"BreadcrumbList\",\"@id\":\"https:\\\/\\\/driversfirst.eu\\\/hu\\\/news\\\/mar-mukodik-a-pihenoido-alatti-szerviz-elerheto-malmoben-es-eskilstunaban\\\/#breadcrumb\",\"itemListElement\":[{\"@type\":\"ListItem\",\"position\":1,\"name\":\"Kezd\u0151lap\",\"item\":\"https:\\\/\\\/driversfirst.eu\\\/hu\\\/kezdolap\\\/\"},{\"@type\":\"ListItem\",\"position\":2,\"name\":\"M\u00e1r m\u0171k\u00f6dik: A pihen\u0151id\u0151 alatti szerviz el\u00e9rhet\u0151 Malm\u0151ben \u00e9s Eskilstun\u00e1ban\"}]},{\"@type\":\"WebSite\",\"@id\":\"https:\\\/\\\/driversfirst.eu\\\/hu\\\/#website\",\"url\":\"https:\\\/\\\/driversfirst.eu\\\/hu\\\/\",\"name\":\"Drivers First Security Parking\",\"description\":\"Secure full service truck stops\",\"publisher\":{\"@id\":\"https:\\\/\\\/driversfirst.eu\\\/hu\\\/#organization\"},\"potentialAction\":[{\"@type\":\"SearchAction\",\"target\":{\"@type\":\"EntryPoint\",\"urlTemplate\":\"https:\\\/\\\/driversfirst.eu\\\/hu\\\/?s={search_term_string}\"},\"query-input\":{\"@type\":\"PropertyValueSpecification\",\"valueRequired\":true,\"valueName\":\"search_term_string\"}}],\"inLanguage\":\"hu\"},{\"@type\":\"Organization\",\"@id\":\"https:\\\/\\\/driversfirst.eu\\\/hu\\\/#organization\",\"name\":\"Drivers First Security Parking\",\"alternateName\":\"Sof\u0151r\u00f6k az els\u0151k\",\"url\":\"https:\\\/\\\/driversfirst.eu\\\/hu\\\/\",\"logo\":{\"@type\":\"ImageObject\",\"inLanguage\":\"hu\",\"@id\":\"https:\\\/\\\/driversfirst.eu\\\/hu\\\/#\\\/schema\\\/logo\\\/image\\\/\",\"url\":\"https:\\\/\\\/driversfirst.eu\\\/wp-content\\\/uploads\\\/2025\\\/08\\\/drivers-first-security-parking-scaled.png\",\"contentUrl\":\"https:\\\/\\\/driversfirst.eu\\\/wp-content\\\/uploads\\\/2025\\\/08\\\/drivers-first-security-parking-scaled.png\",\"width\":2560,\"height\":490,\"caption\":\"Drivers First Security Parking\"},\"image\":{\"@id\":\"https:\\\/\\\/driversfirst.eu\\\/hu\\\/#\\\/schema\\\/logo\\\/image\\\/\"},\"sameAs\":[\"https:\\\/\\\/www.facebook.com\\\/p\\\/Drivers-First-61558688551720\\\/\",\"https:\\\/\\\/www.linkedin.com\\\/company\\\/driversfirst\"]},{\"@type\":\"Person\",\"@id\":\"https:\\\/\\\/driversfirst.eu\\\/hu\\\/#\\\/schema\\\/person\\\/6a4949ce88958aeaaefb15fd02995817\",\"name\":\"admin\",\"image\":{\"@type\":\"ImageObject\",\"inLanguage\":\"hu\",\"@id\":\"https:\\\/\\\/secure.gravatar.com\\\/avatar\\\/f570c8ee5492a8a1bd00d4eae858059eefc640db248e399d9394e0731b1504bf?s=96&d=mm&r=g\",\"url\":\"https:\\\/\\\/secure.gravatar.com\\\/avatar\\\/f570c8ee5492a8a1bd00d4eae858059eefc640db248e399d9394e0731b1504bf?s=96&d=mm&r=g\",\"contentUrl\":\"https:\\\/\\\/secure.gravatar.com\\\/avatar\\\/f570c8ee5492a8a1bd00d4eae858059eefc640db248e399d9394e0731b1504bf?s=96&d=mm&r=g\",\"caption\":\"admin\"},\"sameAs\":[\"https:\\\/\\\/driversfirst.eu\"]}]}<\/script>\n<!-- \/ Yoast SEO plugin. -->","yoast_head_json":{"title":"M\u00e1r m\u0171k\u00f6dik: A pihen\u0151id\u0151 alatti szerviz el\u00e9rhet\u0151 Malm\u0151ben \u00e9s Eskilstun\u00e1ban - Drivers First Security Parking","robots":{"index":"index","follow":"follow","max-snippet":"max-snippet:-1","max-image-preview":"max-image-preview:large","max-video-preview":"max-video-preview:-1"},"canonical":"https:\/\/driversfirst.eu\/hu\/news\/mar-mukodik-a-pihenoido-alatti-szerviz-elerheto-malmoben-es-eskilstunaban\/","og_locale":"hu_HU","og_type":"article","og_title":"M\u00e1r m\u0171k\u00f6dik: A pihen\u0151id\u0151 alatti szerviz el\u00e9rhet\u0151 Malm\u0151ben \u00e9s Eskilstun\u00e1ban - Drivers First Security Parking","og_description":"A Drivers First \u00e9s a Road Mobility Services elind\u00edtotta k\u00f6z\u00f6s szolg\u00e1ltat\u00e1s\u00e1t \u2013 a szerviz \u00e9s karbantart\u00e1s mostant\u00f3l helysz\u00ednen t\u00f6rt\u00e9nik, mik\u00f6zben a sof\u0151r pihen. A fuvaroz\u00f3 v\u00e1llalatok m\u00e1t\u00f3l foglalhatj\u00e1k a szolg\u00e1ltat\u00e1st. A szolg\u00e1ltat\u00e1s el\u00e9rhet\u0151 a Drivers First malm\u0151i \u00e9s eskilstunai l\u00e9tes\u00edtm\u00e9nyeiben. Az \u00e9v folyam\u00e1n tov\u00e1bbi l\u00e9tes\u00edtm\u00e9nyek ker\u00fclnek hozz\u00e1ad\u00e1sra. Hogyan m\u0171k\u00f6dik a gyakorlatban Mik\u00f6zben a sof\u0151r pihen [&hellip;]","og_url":"https:\/\/driversfirst.eu\/hu\/news\/mar-mukodik-a-pihenoido-alatti-szerviz-elerheto-malmoben-es-eskilstunaban\/","og_site_name":"Drivers First Security Parking","article_publisher":"https:\/\/www.facebook.com\/p\/Drivers-First-61558688551720\/","article_published_time":"2026-09-01T06:00:00+00:00","article_modified_time":"2026-09-01T09:24:00+00:00","author":"admin","twitter_card":"summary_large_image","twitter_misc":{"Szerz\u0151:":"admin","Becs\u00fclt olvas\u00e1si id\u0151":"4 perc"},"schema":{"@context":"https:\/\/schema.org","@graph":[{"@type":"Article","@id":"https:\/\/driversfirst.eu\/hu\/news\/mar-mukodik-a-pihenoido-alatti-szerviz-elerheto-malmoben-es-eskilstunaban\/#article","isPartOf":{"@id":"https:\/\/driversfirst.eu\/hu\/news\/mar-mukodik-a-pihenoido-alatti-szerviz-elerheto-malmoben-es-eskilstunaban\/"},"author":{"name":"admin","@id":"https:\/\/driversfirst.eu\/hu\/#\/schema\/person\/6a4949ce88958aeaaefb15fd02995817"},"headline":"M\u00e1r m\u0171k\u00f6dik: A pihen\u0151id\u0151 alatti szerviz el\u00e9rhet\u0151 Malm\u0151ben \u00e9s Eskilstun\u00e1ban","datePublished":"2026-09-01T06:00:00+00:00","dateModified":"2026-09-01T09:24:00+00:00","mainEntityOfPage":{"@id":"https:\/\/driversfirst.eu\/hu\/news\/mar-mukodik-a-pihenoido-alatti-szerviz-elerheto-malmoben-es-eskilstunaban\/"},"wordCount":780,"publisher":{"@id":"https:\/\/driversfirst.eu\/hu\/#organization"},"image":{"@id":"https:\/\/driversfirst.eu\/hu\/news\/mar-mukodik-a-pihenoido-alatti-szerviz-elerheto-malmoben-es-eskilstunaban\/#primaryimage"},"thumbnailUrl":"https:\/\/driversfirst.eu\/wp-content\/uploads\/2025\/09\/rms.svg","articleSection":["Uncategorized @hu"],"inLanguage":"hu"},{"@type":"WebPage","@id":"https:\/\/driversfirst.eu\/hu\/news\/mar-mukodik-a-pihenoido-alatti-szerviz-elerheto-malmoben-es-eskilstunaban\/","url":"https:\/\/driversfirst.eu\/hu\/news\/mar-mukodik-a-pihenoido-alatti-szerviz-elerheto-malmoben-es-eskilstunaban\/","name":"M\u00e1r m\u0171k\u00f6dik: A pihen\u0151id\u0151 alatti szerviz el\u00e9rhet\u0151 Malm\u0151ben \u00e9s Eskilstun\u00e1ban - Drivers First Security Parking","isPartOf":{"@id":"https:\/\/driversfirst.eu\/hu\/#website"},"primaryImageOfPage":{"@id":"https:\/\/driversfirst.eu\/hu\/news\/mar-mukodik-a-pihenoido-alatti-szerviz-elerheto-malmoben-es-eskilstunaban\/#primaryimage"},"image":{"@id":"https:\/\/driversfirst.eu\/hu\/news\/mar-mukodik-a-pihenoido-alatti-szerviz-elerheto-malmoben-es-eskilstunaban\/#primaryimage"},"thumbnailUrl":"https:\/\/driversfirst.eu\/wp-content\/uploads\/2025\/09\/rms.svg","datePublished":"2026-09-01T06:00:00+00:00","dateModified":"2026-09-01T09:24:00+00:00","breadcrumb":{"@id":"https:\/\/driversfirst.eu\/hu\/news\/mar-mukodik-a-pihenoido-alatti-szerviz-elerheto-malmoben-es-eskilstunaban\/#breadcrumb"},"inLanguage":"hu","potentialAction":[{"@type":"ReadAction","target":["https:\/\/driversfirst.eu\/hu\/news\/mar-mukodik-a-pihenoido-alatti-szerviz-elerheto-malmoben-es-eskilstunaban\/"]}]},{"@type":"ImageObject","inLanguage":"hu","@id":"https:\/\/driversfirst.eu\/hu\/news\/mar-mukodik-a-pihenoido-alatti-szerviz-elerheto-malmoben-es-eskilstunaban\/#primaryimage","url":"https:\/\/driversfirst.eu\/wp-content\/uploads\/2025\/09\/rms.svg","contentUrl":"https:\/\/driversfirst.eu\/wp-content\/uploads\/2025\/09\/rms.svg","width":1738,"height":230},{"@type":"BreadcrumbList","@id":"https:\/\/driversfirst.eu\/hu\/news\/mar-mukodik-a-pihenoido-alatti-szerviz-elerheto-malmoben-es-eskilstunaban\/#breadcrumb","itemListElement":[{"@type":"ListItem","position":1,"name":"Kezd\u0151lap","item":"https:\/\/driversfirst.eu\/hu\/kezdolap\/"},{"@type":"ListItem","position":2,"name":"M\u00e1r m\u0171k\u00f6dik: A pihen\u0151id\u0151 alatti szerviz el\u00e9rhet\u0151 Malm\u0151ben \u00e9s Eskilstun\u00e1ban"}]},{"@type":"WebSite","@id":"https:\/\/driversfirst.eu\/hu\/#website","url":"https:\/\/driversfirst.eu\/hu\/","name":"Drivers First Security Parking","description":"Secure full service truck stops","publisher":{"@id":"https:\/\/driversfirst.eu\/hu\/#organization"},"potentialAction":[{"@type":"SearchAction","target":{"@type":"EntryPoint","urlTemplate":"https:\/\/driversfirst.eu\/hu\/?s={search_term_string}"},"query-input":{"@type":"PropertyValueSpecification","valueRequired":true,"valueName":"search_term_string"}}],"inLanguage":"hu"},{"@type":"Organization","@id":"https:\/\/driversfirst.eu\/hu\/#organization","name":"Drivers First Security Parking","alternateName":"Sof\u0151r\u00f6k az els\u0151k","url":"https:\/\/driversfirst.eu\/hu\/","logo":{"@type":"ImageObject","inLanguage":"hu","@id":"https:\/\/driversfirst.eu\/hu\/#\/schema\/logo\/image\/","url":"https:\/\/driversfirst.eu\/wp-content\/uploads\/2025\/08\/drivers-first-security-parking-scaled.png","contentUrl":"https:\/\/driversfirst.eu\/wp-content\/uploads\/2025\/08\/drivers-first-security-parking-scaled.png","width":2560,"height":490,"caption":"Drivers First Security Parking"},"image":{"@id":"https:\/\/driversfirst.eu\/hu\/#\/schema\/logo\/image\/"},"sameAs":["https:\/\/www.facebook.com\/p\/Drivers-First-61558688551720\/","https:\/\/www.linkedin.com\/company\/driversfirst"]},{"@type":"Person","@id":"https:\/\/driversfirst.eu\/hu\/#\/schema\/person\/6a4949ce88958aeaaefb15fd02995817","name":"admin","image":{"@type":"ImageObject","inLanguage":"hu","@id":"https:\/\/secure.gravatar.com\/avatar\/f570c8ee5492a8a1bd00d4eae858059eefc640db248e399d9394e0731b1504bf?s=96&d=mm&r=g","url":"https:\/\/secure.gravatar.com\/avatar\/f570c8ee5492a8a1bd00d4eae858059eefc640db248e399d9394e0731b1504bf?s=96&d=mm&r=g","contentUrl":"https:\/\/secure.gravatar.com\/avatar\/f570c8ee5492a8a1bd00d4eae858059eefc640db248e399d9394e0731b1504bf?s=96&d=mm&r=g","caption":"admin"},"sameAs":["https:\/\/driversfirst.eu"]}]}},"_links":{"self":[{"href":"https:\/\/driversfirst.eu\/hu\/wp-json\/wp\/v2\/posts\/13440","targetHints":{"allow":["GET"]}}],"collection":[{"href":"https:\/\/driversfirst.eu\/hu\/wp-json\/wp\/v2\/posts"}],"about":[{"href":"https:\/\/driversfirst.eu\/hu\/wp-json\/wp\/v2\/types\/post"}],"author":[{"embeddable":true,"href":"https:\/\/driversfirst.eu\/hu\/wp-json\/wp\/v2\/users\/5"}],"replies":[{"embeddable":true,"href":"https:\/\/driversfirst.eu\/hu\/wp-json\/wp\/v2\/comments?post=13440"}],"version-history":[{"count":1,"href":"https:\/\/driversfirst.eu\/hu\/wp-json\/wp\/v2\/posts\/13440\/revisions"}],"predecessor-version":[{"id":13441,"href":"https:\/\/driversfirst.eu\/hu\/wp-json\/wp\/v2\/posts\/13440\/revisions\/13441"}],"wp:featuredmedia":[{"embeddable":true,"href":"https:\/\/driversfirst.eu\/hu\/wp-json\/wp\/v2\/media\/5508"}],"wp:attachment":[{"href":"https:\/\/driversfirst.eu\/hu\/wp-json\/wp\/v2\/media?parent=13440"}],"wp:term":[{"taxonomy":"category","embeddable":true,"href":"https:\/\/driversfirst.eu\/hu\/wp-json\/wp\/v2\/categories?post=13440"},{"taxonomy":"post_tag","embeddable":true,"href":"https:\/\/driversfirst.eu\/hu\/wp-json\/wp\/v2\/tags?post=13440"}],"curies":[{"name":"wp","href":"https:\/\/api.w.org\/{rel}","templated":true}]}}