{"id":13406,"date":"2026-09-01T08:00:00","date_gmt":"2026-09-01T06:00:00","guid":{"rendered":"https:\/\/driversfirst.eu\/news\/cest-desormais-operationnel-le-service-pendant-les-periodes-de-repos-est-disponible-a-malmo-et-eskilstuna\/"},"modified":"2026-09-01T08:01:53","modified_gmt":"2026-09-01T06:01:53","slug":"cest-desormais-operationnel-le-service-pendant-les-periodes-de-repos-est-disponible-a-malmo-et-eskilstuna","status":"publish","type":"post","link":"https:\/\/driversfirst.eu\/fr\/news\/cest-desormais-operationnel-le-service-pendant-les-periodes-de-repos-est-disponible-a-malmo-et-eskilstuna\/","title":{"rendered":"C\u2019est d\u00e9sormais op\u00e9rationnel : le service pendant les p\u00e9riodes de repos est disponible \u00e0 Malm\u00f6 et Eskilstuna"},"content":{"rendered":"\n<p class=\"wp-block-paragraph\"><strong>Drivers First et Road Mobility Services ont lanc\u00e9 leur service commun \u2013 l\u2019entretien et la maintenance sont d\u00e9sormais effectu\u00e9s sur place pendant que le conducteur se repose. Les entreprises de transport peuvent r\u00e9server le service d\u00e8s aujourd\u2019hui. <\/strong><\/p>\n\n<p class=\"wp-block-paragraph\">Le <a href=\"https:\/\/driversfirst.eu\/fr\/services-de-mobilite-routiere\/\" data-type=\"page\" data-id=\"7197\">service<\/a> est disponible dans les installations de Drivers First \u00e0 <strong>Malm\u00f6<\/strong> et <strong>Eskilstuna<\/strong>. D\u2019autres sites seront ajout\u00e9s tout au long de l\u2019ann\u00e9e. <\/p>\n\n<hr class=\"wp-block-separator has-alpha-channel-opacity\"\/>\n\n<h2 class=\"wp-block-heading\">Fonctionnement pratique<\/h2>\n\n<ol class=\"wp-block-list\">\n<li><strong>Appelez<\/strong> le <a>+46 75 75 75 909<\/a> (24h\/24, 7j\/7) \u2013 de pr\u00e9f\u00e9rence lors de la r\u00e9servation de la nuit\u00e9e. Vous pouvez \u00e9galement envoyer un e-mail \u00e0 <strong><a>EBS@eubrse.com<\/a><\/strong>. <\/li>\n\n\n\n<li><strong>Indiquez<\/strong> les d\u00e9tails du v\u00e9hicule, les interventions n\u00e9cessaires et l\u2019heure de votre arriv\u00e9e sur le site.<\/li>\n\n\n\n<li>Nous <strong>confirmons<\/strong> la r\u00e9servation et convenons du mode de paiement (facture pour les clients sous contrat ; sinon, un lien de paiement).<\/li>\n\n\n\n<li>Les travaux sont effectu\u00e9s sur le parking pendant la p\u00e9riode de repos du conducteur, et la facture est \u00e9mise directement par Road Mobility Services.<\/li>\n<\/ol>\n\n<p class=\"wp-block-paragraph\">Pendant que le conducteur se repose dans l\u2019installation cl\u00f4tur\u00e9e et surveill\u00e9e de Drivers First (au moins 11 heures pour le repos journalier, jusqu\u2019\u00e0 45 heures pour le repos hebdomadaire), Road Mobility Services se rend sur place pour effectuer l\u2019entretien, la maintenance ou des r\u00e9parations mineures.<\/p>\n\n<p class=\"wp-block-paragraph\">Lorsque le conducteur est pr\u00eat \u00e0 reprendre la route, le v\u00e9hicule est enti\u00e8rement r\u00e9vis\u00e9 et pr\u00eat pour le prochain trajet.<\/p>\n\n<hr class=\"wp-block-separator has-alpha-channel-opacity\"\/>\n\n<h2 class=\"wp-block-heading\">Quelles interventions sont possibles ?<\/h2>\n\n<ul class=\"wp-block-list\">\n<li>Contr\u00f4le de la pression et remplacement des pneus<\/li>\n\n\n\n<li>Mise \u00e0 niveau des fluides<\/li>\n\n\n\n<li>R\u00e9paration \/ entretien des syst\u00e8mes pneumatiques et hydrauliques<\/li>\n\n\n\n<li>R\u00e9paration \/ entretien des syst\u00e8mes \u00e9lectriques<\/li>\n\n\n\n<li>R\u00e9parations de b\u00e2che<\/li>\n\n\n\n<li>Contr\u00f4les fonctionnels des \u00e9quipements de levage<\/li>\n<\/ul>\n\n<p class=\"wp-block-paragraph\"><em>D\u2019autres services seront ajout\u00e9s en fonction de la demande.<\/em><\/p>\n\n<hr class=\"wp-block-separator has-alpha-channel-opacity\"\/>\n\n<h2 class=\"wp-block-heading\">Quatre avantages cl\u00e9s<\/h2>\n\n<p class=\"wp-block-paragraph\"><strong>Aucun temps d\u2019arr\u00eat suppl\u00e9mentaire<\/strong> \u2013 l\u2019entretien est effectu\u00e9 pendant que le v\u00e9hicule est d\u00e9j\u00e0 stationn\u00e9<br\/><strong>Pas de d\u00e9placements \u00e0 l\u2019atelier<\/strong> \u2013 tous les travaux sont r\u00e9alis\u00e9s sur place<br\/><strong>S\u00e9curit\u00e9 pour les conducteurs et le chargement<\/strong> \u2013 le v\u00e9hicule reste dans une installation cl\u00f4tur\u00e9e et surveill\u00e9e<br\/><strong>Administration simplifi\u00e9e<\/strong> \u2013 le stationnement et l\u2019entretien sont r\u00e9serv\u00e9s en une seule \u00e9tape, avec une facturation directe par Road Mobility Services<\/p>\n\n<hr class=\"wp-block-separator has-alpha-channel-opacity\"\/>\n\n<h2 class=\"wp-block-heading\">Que disent nos repr\u00e9sentants ?<\/h2>\n\n<blockquote class=\"wp-block-quote is-layout-flow wp-block-quote-is-layout-flow\">\n<p class=\"wp-block-paragraph\"><em>\u00ab Nous sommes d\u00e9sormais op\u00e9rationnels. C\u2019est la premi\u00e8re \u00e9tape vers la construction d\u2019une infrastructure de transport r\u00e9siliente \u2013 pour des cha\u00eenes d\u2019approvisionnement ininterrompues. D\u00e8s aujourd\u2019hui, nos clients peuvent r\u00e9server l\u2019entretien de leur v\u00e9hicule en lien avec leur s\u00e9jour sur le parking \u2013 chez nous, \u00e0 Drivers First. \u00bb<\/em><br\/><strong>\u2013 Johanna Holm\u00e9n, CCO, Drivers First<\/strong><\/p>\n<\/blockquote>\n\n<blockquote class=\"wp-block-quote is-layout-flow wp-block-quote-is-layout-flow\">\n<p class=\"wp-block-paragraph\"><em>\u00ab Nous sommes pr\u00e9sents sur les sites de Drivers First. Pendant que le conducteur se repose, nous entretenons le v\u00e9hicule \u2013 sans temps d\u2019arr\u00eat suppl\u00e9mentaire ni d\u00e9placements inutiles vers un atelier. C\u2019est une v\u00e9ritable r\u00e9volution pour le secteur du transport. \u00bb<\/em><br\/><strong>\u2013 Markku Reinikainen, Group COO, Road Mobility Services<\/strong><\/p>\n<\/blockquote>\n\n<hr class=\"wp-block-separator has-alpha-channel-opacity\"\/>\n\n<h2 class=\"wp-block-heading\">R\u00e9server ou nous contacter<\/h2>\n\n<p class=\"wp-block-paragraph\">Contactez-nous pour effectuer une r\u00e9servation ou pour plus d\u2019informations :<\/p>\n\n<p class=\"wp-block-paragraph\"><strong>Johanna Holm\u00e9n, CCO, Drivers First<\/strong><br\/>\ud83d\udcde <a>+46 735 39 35 11<\/a><br\/>\ud83d\udce7 <a href=\"mailto:johanna.holmen@driversfirst.eu\">johanna.holmen@driversfirst.eu<\/a><\/p>\n\n<p class=\"wp-block-paragraph\"><strong>Markku Reinikainen, Group COO, Road Mobility Services<\/strong><br\/>\ud83d\udcde <a>+46 72 245 3500<\/a><br\/>\ud83d\udce7 <a href=\"mailto:markku.reinikainen@rmsgroup.se\">markku.reinikainen@rmsgroup.se<\/a><\/p>\n\n<hr class=\"wp-block-separator has-alpha-channel-opacity\"\/>\n\n<h2 class=\"wp-block-heading\">\u00c0 propos des entreprises<\/h2>\n\n<p class=\"wp-block-paragraph\"><strong>Drivers First<\/strong> est une entreprise su\u00e9doise qui d\u00e9veloppe et exploite des aires de repos modernes ax\u00e9es sur la s\u00e9curit\u00e9, le confort et les conditions de travail des conducteurs professionnels. Gr\u00e2ce \u00e0 des parkings s\u00e9curis\u00e9s, des installations propres et des solutions num\u00e9riques, nous cr\u00e9ons un mod\u00e8le standardis\u00e9 qui fait la diff\u00e9rence pour les conducteurs, les entreprises de transport et les municipalit\u00e9s o\u00f9 nous implantons nos activit\u00e9s. <\/p>\n\n<p class=\"wp-block-paragraph\"><strong>Road Mobility Services<\/strong> est un fournisseur nordique de premier plan de services de pneumatiques, d\u2019assistance routi\u00e8re, de d\u00e9pannage de v\u00e9hicules, de maintenance de remorques et de services d\u2019atelier pour les v\u00e9hicules l\u00e9gers et lourds. Avec un r\u00e9seau en pleine expansion en Su\u00e8de, en Finlande et au Danemark, nous veillons \u00e0 ce que nos clients \u2013 des grands op\u00e9rateurs logistiques aux automobilistes priv\u00e9s \u2013 puissent toujours continuer \u00e0 rouler avec un temps d\u2019arr\u00eat minimal. <\/p>\n","protected":false},"excerpt":{"rendered":"<p>Drivers First et Road Mobility Services ont lanc\u00e9 leur service commun \u2013 l\u2019entretien et la maintenance sont d\u00e9sormais effectu\u00e9s sur place pendant que le conducteur se repose. Les entreprises de transport peuvent r\u00e9server le service d\u00e8s aujourd\u2019hui. Le service est disponible dans les installations de Drivers First \u00e0 Malm\u00f6 et Eskilstuna. D\u2019autres sites seront ajout\u00e9s [&hellip;]<\/p>\n","protected":false},"author":5,"featured_media":4472,"comment_status":"closed","ping_status":"open","sticky":false,"template":"","format":"standard","meta":{"inline_featured_image":false,"footnotes":""},"categories":[57],"tags":[],"class_list":["post-13406","post","type-post","status-publish","format-standard","has-post-thumbnail","hentry","category-non-categorise"],"yoast_head":"<!-- This site is optimized with the Yoast SEO plugin v28.3 - https:\/\/yoast.com\/product\/yoast-seo-wordpress\/ -->\n<title>C\u2019est d\u00e9sormais op\u00e9rationnel : le service pendant les p\u00e9riodes de repos est disponible \u00e0 Malm\u00f6 et Eskilstuna - Drivers First Security Parking<\/title>\n<meta name=\"robots\" content=\"index, follow, max-snippet:-1, max-image-preview:large, max-video-preview:-1\" \/>\n<link rel=\"canonical\" href=\"https:\/\/driversfirst.eu\/fr\/news\/cest-desormais-operationnel-le-service-pendant-les-periodes-de-repos-est-disponible-a-malmo-et-eskilstuna\/\" \/>\n<meta property=\"og:locale\" content=\"fr_FR\" \/>\n<meta property=\"og:type\" content=\"article\" \/>\n<meta property=\"og:title\" content=\"C\u2019est d\u00e9sormais op\u00e9rationnel : le service pendant les p\u00e9riodes de repos est disponible \u00e0 Malm\u00f6 et Eskilstuna - Drivers First Security Parking\" \/>\n<meta property=\"og:description\" content=\"Drivers First et Road Mobility Services ont lanc\u00e9 leur service commun \u2013 l\u2019entretien et la maintenance sont d\u00e9sormais effectu\u00e9s sur place pendant que le conducteur se repose. Les entreprises de transport peuvent r\u00e9server le service d\u00e8s aujourd\u2019hui. Le service est disponible dans les installations de Drivers First \u00e0 Malm\u00f6 et Eskilstuna. D\u2019autres sites seront ajout\u00e9s [&hellip;]\" \/>\n<meta property=\"og:url\" content=\"https:\/\/driversfirst.eu\/fr\/news\/cest-desormais-operationnel-le-service-pendant-les-periodes-de-repos-est-disponible-a-malmo-et-eskilstuna\/\" \/>\n<meta property=\"og:site_name\" content=\"Drivers First Security Parking\" \/>\n<meta property=\"article:publisher\" content=\"https:\/\/www.facebook.com\/p\/Drivers-First-61558688551720\/\" \/>\n<meta property=\"article:published_time\" content=\"2026-09-01T06:00:00+00:00\" \/>\n<meta property=\"article:modified_time\" content=\"2026-09-01T06:01:53+00:00\" \/>\n<meta name=\"author\" content=\"admin\" \/>\n<meta name=\"twitter:card\" content=\"summary_large_image\" \/>\n<meta name=\"twitter:label1\" content=\"\u00c9crit par\" \/>\n\t<meta name=\"twitter:data1\" content=\"admin\" \/>\n\t<meta name=\"twitter:label2\" content=\"Dur\u00e9e de lecture estim\u00e9e\" \/>\n\t<meta name=\"twitter:data2\" content=\"3 minutes\" \/>\n<script type=\"application\/ld+json\" class=\"yoast-schema-graph\">{\"@context\":\"https:\\\/\\\/schema.org\",\"@graph\":[{\"@type\":\"Article\",\"@id\":\"https:\\\/\\\/driversfirst.eu\\\/fr\\\/news\\\/cest-desormais-operationnel-le-service-pendant-les-periodes-de-repos-est-disponible-a-malmo-et-eskilstuna\\\/#article\",\"isPartOf\":{\"@id\":\"https:\\\/\\\/driversfirst.eu\\\/fr\\\/news\\\/cest-desormais-operationnel-le-service-pendant-les-periodes-de-repos-est-disponible-a-malmo-et-eskilstuna\\\/\"},\"author\":{\"name\":\"admin\",\"@id\":\"https:\\\/\\\/driversfirst.eu\\\/fr\\\/#\\\/schema\\\/person\\\/6a4949ce88958aeaaefb15fd02995817\"},\"headline\":\"C\u2019est d\u00e9sormais op\u00e9rationnel : le service pendant les p\u00e9riodes de repos est disponible \u00e0 Malm\u00f6 et Eskilstuna\",\"datePublished\":\"2026-09-01T06:00:00+00:00\",\"dateModified\":\"2026-09-01T06:01:53+00:00\",\"mainEntityOfPage\":{\"@id\":\"https:\\\/\\\/driversfirst.eu\\\/fr\\\/news\\\/cest-desormais-operationnel-le-service-pendant-les-periodes-de-repos-est-disponible-a-malmo-et-eskilstuna\\\/\"},\"wordCount\":718,\"publisher\":{\"@id\":\"https:\\\/\\\/driversfirst.eu\\\/fr\\\/#organization\"},\"image\":{\"@id\":\"https:\\\/\\\/driversfirst.eu\\\/fr\\\/news\\\/cest-desormais-operationnel-le-service-pendant-les-periodes-de-repos-est-disponible-a-malmo-et-eskilstuna\\\/#primaryimage\"},\"thumbnailUrl\":\"https:\\\/\\\/driversfirst.eu\\\/wp-content\\\/uploads\\\/2025\\\/09\\\/rms.svg\",\"articleSection\":[\"Non cat\u00e9goris\u00e9\"],\"inLanguage\":\"fr-FR\"},{\"@type\":\"WebPage\",\"@id\":\"https:\\\/\\\/driversfirst.eu\\\/fr\\\/news\\\/cest-desormais-operationnel-le-service-pendant-les-periodes-de-repos-est-disponible-a-malmo-et-eskilstuna\\\/\",\"url\":\"https:\\\/\\\/driversfirst.eu\\\/fr\\\/news\\\/cest-desormais-operationnel-le-service-pendant-les-periodes-de-repos-est-disponible-a-malmo-et-eskilstuna\\\/\",\"name\":\"C\u2019est d\u00e9sormais op\u00e9rationnel : le service pendant les p\u00e9riodes de repos est disponible \u00e0 Malm\u00f6 et Eskilstuna - Drivers First Security Parking\",\"isPartOf\":{\"@id\":\"https:\\\/\\\/driversfirst.eu\\\/fr\\\/#website\"},\"primaryImageOfPage\":{\"@id\":\"https:\\\/\\\/driversfirst.eu\\\/fr\\\/news\\\/cest-desormais-operationnel-le-service-pendant-les-periodes-de-repos-est-disponible-a-malmo-et-eskilstuna\\\/#primaryimage\"},\"image\":{\"@id\":\"https:\\\/\\\/driversfirst.eu\\\/fr\\\/news\\\/cest-desormais-operationnel-le-service-pendant-les-periodes-de-repos-est-disponible-a-malmo-et-eskilstuna\\\/#primaryimage\"},\"thumbnailUrl\":\"https:\\\/\\\/driversfirst.eu\\\/wp-content\\\/uploads\\\/2025\\\/09\\\/rms.svg\",\"datePublished\":\"2026-09-01T06:00:00+00:00\",\"dateModified\":\"2026-09-01T06:01:53+00:00\",\"breadcrumb\":{\"@id\":\"https:\\\/\\\/driversfirst.eu\\\/fr\\\/news\\\/cest-desormais-operationnel-le-service-pendant-les-periodes-de-repos-est-disponible-a-malmo-et-eskilstuna\\\/#breadcrumb\"},\"inLanguage\":\"fr-FR\",\"potentialAction\":[{\"@type\":\"ReadAction\",\"target\":[\"https:\\\/\\\/driversfirst.eu\\\/fr\\\/news\\\/cest-desormais-operationnel-le-service-pendant-les-periodes-de-repos-est-disponible-a-malmo-et-eskilstuna\\\/\"]}]},{\"@type\":\"ImageObject\",\"inLanguage\":\"fr-FR\",\"@id\":\"https:\\\/\\\/driversfirst.eu\\\/fr\\\/news\\\/cest-desormais-operationnel-le-service-pendant-les-periodes-de-repos-est-disponible-a-malmo-et-eskilstuna\\\/#primaryimage\",\"url\":\"https:\\\/\\\/driversfirst.eu\\\/wp-content\\\/uploads\\\/2025\\\/09\\\/rms.svg\",\"contentUrl\":\"https:\\\/\\\/driversfirst.eu\\\/wp-content\\\/uploads\\\/2025\\\/09\\\/rms.svg\"},{\"@type\":\"BreadcrumbList\",\"@id\":\"https:\\\/\\\/driversfirst.eu\\\/fr\\\/news\\\/cest-desormais-operationnel-le-service-pendant-les-periodes-de-repos-est-disponible-a-malmo-et-eskilstuna\\\/#breadcrumb\",\"itemListElement\":[{\"@type\":\"ListItem\",\"position\":1,\"name\":\"Accueil\",\"item\":\"https:\\\/\\\/driversfirst.eu\\\/fr\\\/accueil\\\/\"},{\"@type\":\"ListItem\",\"position\":2,\"name\":\"C\u2019est d\u00e9sormais op\u00e9rationnel : le service pendant les p\u00e9riodes de repos est disponible \u00e0 Malm\u00f6 et Eskilstuna\"}]},{\"@type\":\"WebSite\",\"@id\":\"https:\\\/\\\/driversfirst.eu\\\/fr\\\/#website\",\"url\":\"https:\\\/\\\/driversfirst.eu\\\/fr\\\/\",\"name\":\"Drivers First Security Parking\",\"description\":\"Secure full service truck stops\",\"publisher\":{\"@id\":\"https:\\\/\\\/driversfirst.eu\\\/fr\\\/#organization\"},\"potentialAction\":[{\"@type\":\"SearchAction\",\"target\":{\"@type\":\"EntryPoint\",\"urlTemplate\":\"https:\\\/\\\/driversfirst.eu\\\/fr\\\/?s={search_term_string}\"},\"query-input\":{\"@type\":\"PropertyValueSpecification\",\"valueRequired\":true,\"valueName\":\"search_term_string\"}}],\"inLanguage\":\"fr-FR\"},{\"@type\":\"Organization\",\"@id\":\"https:\\\/\\\/driversfirst.eu\\\/fr\\\/#organization\",\"name\":\"Drivers First Security Parking\",\"alternateName\":\"Les conducteurs d'abord\",\"url\":\"https:\\\/\\\/driversfirst.eu\\\/fr\\\/\",\"logo\":{\"@type\":\"ImageObject\",\"inLanguage\":\"fr-FR\",\"@id\":\"https:\\\/\\\/driversfirst.eu\\\/fr\\\/#\\\/schema\\\/logo\\\/image\\\/\",\"url\":\"https:\\\/\\\/driversfirst.eu\\\/wp-content\\\/uploads\\\/2025\\\/08\\\/drivers-first-security-parking-scaled.png\",\"contentUrl\":\"https:\\\/\\\/driversfirst.eu\\\/wp-content\\\/uploads\\\/2025\\\/08\\\/drivers-first-security-parking-scaled.png\",\"width\":2560,\"height\":490,\"caption\":\"Drivers First Security Parking\"},\"image\":{\"@id\":\"https:\\\/\\\/driversfirst.eu\\\/fr\\\/#\\\/schema\\\/logo\\\/image\\\/\"},\"sameAs\":[\"https:\\\/\\\/www.facebook.com\\\/p\\\/Drivers-First-61558688551720\\\/\",\"https:\\\/\\\/www.linkedin.com\\\/company\\\/driversfirst\"]},{\"@type\":\"Person\",\"@id\":\"https:\\\/\\\/driversfirst.eu\\\/fr\\\/#\\\/schema\\\/person\\\/6a4949ce88958aeaaefb15fd02995817\",\"name\":\"admin\",\"image\":{\"@type\":\"ImageObject\",\"inLanguage\":\"fr-FR\",\"@id\":\"https:\\\/\\\/secure.gravatar.com\\\/avatar\\\/f570c8ee5492a8a1bd00d4eae858059eefc640db248e399d9394e0731b1504bf?s=96&d=mm&r=g\",\"url\":\"https:\\\/\\\/secure.gravatar.com\\\/avatar\\\/f570c8ee5492a8a1bd00d4eae858059eefc640db248e399d9394e0731b1504bf?s=96&d=mm&r=g\",\"contentUrl\":\"https:\\\/\\\/secure.gravatar.com\\\/avatar\\\/f570c8ee5492a8a1bd00d4eae858059eefc640db248e399d9394e0731b1504bf?s=96&d=mm&r=g\",\"caption\":\"admin\"},\"sameAs\":[\"https:\\\/\\\/driversfirst.eu\"]}]}<\/script>\n<!-- \/ Yoast SEO plugin. -->","yoast_head_json":{"title":"C\u2019est d\u00e9sormais op\u00e9rationnel : le service pendant les p\u00e9riodes de repos est disponible \u00e0 Malm\u00f6 et Eskilstuna - Drivers First Security Parking","robots":{"index":"index","follow":"follow","max-snippet":"max-snippet:-1","max-image-preview":"max-image-preview:large","max-video-preview":"max-video-preview:-1"},"canonical":"https:\/\/driversfirst.eu\/fr\/news\/cest-desormais-operationnel-le-service-pendant-les-periodes-de-repos-est-disponible-a-malmo-et-eskilstuna\/","og_locale":"fr_FR","og_type":"article","og_title":"C\u2019est d\u00e9sormais op\u00e9rationnel : le service pendant les p\u00e9riodes de repos est disponible \u00e0 Malm\u00f6 et Eskilstuna - Drivers First Security Parking","og_description":"Drivers First et Road Mobility Services ont lanc\u00e9 leur service commun \u2013 l\u2019entretien et la maintenance sont d\u00e9sormais effectu\u00e9s sur place pendant que le conducteur se repose. Les entreprises de transport peuvent r\u00e9server le service d\u00e8s aujourd\u2019hui. Le service est disponible dans les installations de Drivers First \u00e0 Malm\u00f6 et Eskilstuna. D\u2019autres sites seront ajout\u00e9s [&hellip;]","og_url":"https:\/\/driversfirst.eu\/fr\/news\/cest-desormais-operationnel-le-service-pendant-les-periodes-de-repos-est-disponible-a-malmo-et-eskilstuna\/","og_site_name":"Drivers First Security Parking","article_publisher":"https:\/\/www.facebook.com\/p\/Drivers-First-61558688551720\/","article_published_time":"2026-09-01T06:00:00+00:00","article_modified_time":"2026-09-01T06:01:53+00:00","author":"admin","twitter_card":"summary_large_image","twitter_misc":{"\u00c9crit par":"admin","Dur\u00e9e de lecture estim\u00e9e":"3 minutes"},"schema":{"@context":"https:\/\/schema.org","@graph":[{"@type":"Article","@id":"https:\/\/driversfirst.eu\/fr\/news\/cest-desormais-operationnel-le-service-pendant-les-periodes-de-repos-est-disponible-a-malmo-et-eskilstuna\/#article","isPartOf":{"@id":"https:\/\/driversfirst.eu\/fr\/news\/cest-desormais-operationnel-le-service-pendant-les-periodes-de-repos-est-disponible-a-malmo-et-eskilstuna\/"},"author":{"name":"admin","@id":"https:\/\/driversfirst.eu\/fr\/#\/schema\/person\/6a4949ce88958aeaaefb15fd02995817"},"headline":"C\u2019est d\u00e9sormais op\u00e9rationnel : le service pendant les p\u00e9riodes de repos est disponible \u00e0 Malm\u00f6 et Eskilstuna","datePublished":"2026-09-01T06:00:00+00:00","dateModified":"2026-09-01T06:01:53+00:00","mainEntityOfPage":{"@id":"https:\/\/driversfirst.eu\/fr\/news\/cest-desormais-operationnel-le-service-pendant-les-periodes-de-repos-est-disponible-a-malmo-et-eskilstuna\/"},"wordCount":718,"publisher":{"@id":"https:\/\/driversfirst.eu\/fr\/#organization"},"image":{"@id":"https:\/\/driversfirst.eu\/fr\/news\/cest-desormais-operationnel-le-service-pendant-les-periodes-de-repos-est-disponible-a-malmo-et-eskilstuna\/#primaryimage"},"thumbnailUrl":"https:\/\/driversfirst.eu\/wp-content\/uploads\/2025\/09\/rms.svg","articleSection":["Non cat\u00e9goris\u00e9"],"inLanguage":"fr-FR"},{"@type":"WebPage","@id":"https:\/\/driversfirst.eu\/fr\/news\/cest-desormais-operationnel-le-service-pendant-les-periodes-de-repos-est-disponible-a-malmo-et-eskilstuna\/","url":"https:\/\/driversfirst.eu\/fr\/news\/cest-desormais-operationnel-le-service-pendant-les-periodes-de-repos-est-disponible-a-malmo-et-eskilstuna\/","name":"C\u2019est d\u00e9sormais op\u00e9rationnel : le service pendant les p\u00e9riodes de repos est disponible \u00e0 Malm\u00f6 et Eskilstuna - Drivers First Security Parking","isPartOf":{"@id":"https:\/\/driversfirst.eu\/fr\/#website"},"primaryImageOfPage":{"@id":"https:\/\/driversfirst.eu\/fr\/news\/cest-desormais-operationnel-le-service-pendant-les-periodes-de-repos-est-disponible-a-malmo-et-eskilstuna\/#primaryimage"},"image":{"@id":"https:\/\/driversfirst.eu\/fr\/news\/cest-desormais-operationnel-le-service-pendant-les-periodes-de-repos-est-disponible-a-malmo-et-eskilstuna\/#primaryimage"},"thumbnailUrl":"https:\/\/driversfirst.eu\/wp-content\/uploads\/2025\/09\/rms.svg","datePublished":"2026-09-01T06:00:00+00:00","dateModified":"2026-09-01T06:01:53+00:00","breadcrumb":{"@id":"https:\/\/driversfirst.eu\/fr\/news\/cest-desormais-operationnel-le-service-pendant-les-periodes-de-repos-est-disponible-a-malmo-et-eskilstuna\/#breadcrumb"},"inLanguage":"fr-FR","potentialAction":[{"@type":"ReadAction","target":["https:\/\/driversfirst.eu\/fr\/news\/cest-desormais-operationnel-le-service-pendant-les-periodes-de-repos-est-disponible-a-malmo-et-eskilstuna\/"]}]},{"@type":"ImageObject","inLanguage":"fr-FR","@id":"https:\/\/driversfirst.eu\/fr\/news\/cest-desormais-operationnel-le-service-pendant-les-periodes-de-repos-est-disponible-a-malmo-et-eskilstuna\/#primaryimage","url":"https:\/\/driversfirst.eu\/wp-content\/uploads\/2025\/09\/rms.svg","contentUrl":"https:\/\/driversfirst.eu\/wp-content\/uploads\/2025\/09\/rms.svg"},{"@type":"BreadcrumbList","@id":"https:\/\/driversfirst.eu\/fr\/news\/cest-desormais-operationnel-le-service-pendant-les-periodes-de-repos-est-disponible-a-malmo-et-eskilstuna\/#breadcrumb","itemListElement":[{"@type":"ListItem","position":1,"name":"Accueil","item":"https:\/\/driversfirst.eu\/fr\/accueil\/"},{"@type":"ListItem","position":2,"name":"C\u2019est d\u00e9sormais op\u00e9rationnel : le service pendant les p\u00e9riodes de repos est disponible \u00e0 Malm\u00f6 et Eskilstuna"}]},{"@type":"WebSite","@id":"https:\/\/driversfirst.eu\/fr\/#website","url":"https:\/\/driversfirst.eu\/fr\/","name":"Drivers First Security Parking","description":"Secure full service truck stops","publisher":{"@id":"https:\/\/driversfirst.eu\/fr\/#organization"},"potentialAction":[{"@type":"SearchAction","target":{"@type":"EntryPoint","urlTemplate":"https:\/\/driversfirst.eu\/fr\/?s={search_term_string}"},"query-input":{"@type":"PropertyValueSpecification","valueRequired":true,"valueName":"search_term_string"}}],"inLanguage":"fr-FR"},{"@type":"Organization","@id":"https:\/\/driversfirst.eu\/fr\/#organization","name":"Drivers First Security Parking","alternateName":"Les conducteurs d'abord","url":"https:\/\/driversfirst.eu\/fr\/","logo":{"@type":"ImageObject","inLanguage":"fr-FR","@id":"https:\/\/driversfirst.eu\/fr\/#\/schema\/logo\/image\/","url":"https:\/\/driversfirst.eu\/wp-content\/uploads\/2025\/08\/drivers-first-security-parking-scaled.png","contentUrl":"https:\/\/driversfirst.eu\/wp-content\/uploads\/2025\/08\/drivers-first-security-parking-scaled.png","width":2560,"height":490,"caption":"Drivers First Security Parking"},"image":{"@id":"https:\/\/driversfirst.eu\/fr\/#\/schema\/logo\/image\/"},"sameAs":["https:\/\/www.facebook.com\/p\/Drivers-First-61558688551720\/","https:\/\/www.linkedin.com\/company\/driversfirst"]},{"@type":"Person","@id":"https:\/\/driversfirst.eu\/fr\/#\/schema\/person\/6a4949ce88958aeaaefb15fd02995817","name":"admin","image":{"@type":"ImageObject","inLanguage":"fr-FR","@id":"https:\/\/secure.gravatar.com\/avatar\/f570c8ee5492a8a1bd00d4eae858059eefc640db248e399d9394e0731b1504bf?s=96&d=mm&r=g","url":"https:\/\/secure.gravatar.com\/avatar\/f570c8ee5492a8a1bd00d4eae858059eefc640db248e399d9394e0731b1504bf?s=96&d=mm&r=g","contentUrl":"https:\/\/secure.gravatar.com\/avatar\/f570c8ee5492a8a1bd00d4eae858059eefc640db248e399d9394e0731b1504bf?s=96&d=mm&r=g","caption":"admin"},"sameAs":["https:\/\/driversfirst.eu"]}]}},"_links":{"self":[{"href":"https:\/\/driversfirst.eu\/fr\/wp-json\/wp\/v2\/posts\/13406","targetHints":{"allow":["GET"]}}],"collection":[{"href":"https:\/\/driversfirst.eu\/fr\/wp-json\/wp\/v2\/posts"}],"about":[{"href":"https:\/\/driversfirst.eu\/fr\/wp-json\/wp\/v2\/types\/post"}],"author":[{"embeddable":true,"href":"https:\/\/driversfirst.eu\/fr\/wp-json\/wp\/v2\/users\/5"}],"replies":[{"embeddable":true,"href":"https:\/\/driversfirst.eu\/fr\/wp-json\/wp\/v2\/comments?post=13406"}],"version-history":[{"count":1,"href":"https:\/\/driversfirst.eu\/fr\/wp-json\/wp\/v2\/posts\/13406\/revisions"}],"predecessor-version":[{"id":13407,"href":"https:\/\/driversfirst.eu\/fr\/wp-json\/wp\/v2\/posts\/13406\/revisions\/13407"}],"wp:featuredmedia":[{"embeddable":true,"href":"https:\/\/driversfirst.eu\/fr\/wp-json\/wp\/v2\/media\/4472"}],"wp:attachment":[{"href":"https:\/\/driversfirst.eu\/fr\/wp-json\/wp\/v2\/media?parent=13406"}],"wp:term":[{"taxonomy":"category","embeddable":true,"href":"https:\/\/driversfirst.eu\/fr\/wp-json\/wp\/v2\/categories?post=13406"},{"taxonomy":"post_tag","embeddable":true,"href":"https:\/\/driversfirst.eu\/fr\/wp-json\/wp\/v2\/tags?post=13406"}],"curies":[{"name":"wp","href":"https:\/\/api.w.org\/{rel}","templated":true}]}}