{"id":6448,"date":"2025-12-11T18:59:26","date_gmt":"2025-12-11T17:59:26","guid":{"rendered":"https:\/\/driversfirst.eu\/news\/wir-haben-in-eskilstuna-geoeffnet\/"},"modified":"2025-12-12T20:41:25","modified_gmt":"2025-12-12T19:41:25","slug":"wir-haben-in-eskilstuna-geoeffnet","status":"publish","type":"post","link":"https:\/\/driversfirst.eu\/de\/news\/wir-haben-in-eskilstuna-geoeffnet\/","title":{"rendered":"Wir haben in Eskilstuna ge\u00f6ffnet!"},"content":{"rendered":"\n<p>Drivers First Security Parking expandiert in Schweden \u2013 und wir freuen uns, Sie begr\u00fc\u00dfen zu d\u00fcrfen.<br\/>Zus\u00e4tzlich zu unserem Standort in J\u00f6nk\u00f6ping er\u00f6ffnen wir nun einen brandneuen, sicheren Lkw-Parkplatz in <strong><a href=\"https:\/\/driversfirst.eu\/de\/unsere-standorte\/eskilstuna\/\" target=\"_blank\" rel=\"noreferrer noopener\">Eskilstuna<\/a><\/strong>, wobei <strong><a href=\"https:\/\/driversfirst.eu\/de\/unsere-standorte\/malmoe\/\" target=\"_blank\" rel=\"noreferrer noopener\">Malm\u00f6<\/a><\/strong> kurz darauf folgen wird.<\/p>\n\n<p><strong>Unser Standort in Eskilstuna wird heute, am 11. Dezember, er\u00f6ffnet \u2013 und Sie k\u00f6nnen Ihren Platz bereits jetzt vorbuchen. Es gibt auch ein Gesch\u00e4ft und mehrere Restaurants direkt neben dem Gel\u00e4nde. <\/strong><\/p>\n\n<figure class=\"wp-block-image aligncenter size-large is-resized\"><img fetchpriority=\"high\" decoding=\"async\" width=\"1024\" height=\"683\" src=\"https:\/\/driversfirst.eu\/wp-content\/uploads\/2025\/12\/CBS_4544_2-1024x683.jpeg\" alt=\"\" class=\"wp-image-5963\" style=\"width:669px;height:auto\" srcset=\"https:\/\/driversfirst.eu\/wp-content\/uploads\/2025\/12\/CBS_4544_2-1024x683.jpeg 1024w, https:\/\/driversfirst.eu\/wp-content\/uploads\/2025\/12\/CBS_4544_2-300x200.jpeg 300w, https:\/\/driversfirst.eu\/wp-content\/uploads\/2025\/12\/CBS_4544_2-768x512.jpeg 768w, https:\/\/driversfirst.eu\/wp-content\/uploads\/2025\/12\/CBS_4544_2-1536x1024.jpeg 1536w, https:\/\/driversfirst.eu\/wp-content\/uploads\/2025\/12\/CBS_4544_2-2048x1365.jpeg 2048w\" sizes=\"(max-width: 1024px) 100vw, 1024px\" \/><\/figure>\n\n<div class=\"wp-block-group is-layout-constrained wp-block-group-is-layout-constrained\">\n<p class=\"has-text-align-center\">David Hofmann, CEO von Eskilstuna Logistik, Gustav Jacobsson, CEO von Drivers First, und Matthias Kettelhoit, stellvertretender Vorsitzender von Drivers First<a href=\"https:\/\/driversfirst.us17.list-manage.com\/track\/click?u=3249a1fff018834b37963a511&amp;id=2cb041948d&amp;e=2508b5fa63\" target=\"_blank\" rel=\"noreferrer noopener\"><\/a><\/p>\n<\/div>\n\n<h3 class=\"wp-block-heading\"><strong>Schnelle, einfache Buchung \u2013 ganz nach Ihren W\u00fcnschen<\/strong><\/h3>\n\n<ul class=\"wp-block-list\">\n<li>Buchen Sie online vor und bezahlen Sie bequem mit Kreditkarte<\/li>\n\n\n\n<li>Beantragen Sie ein Firmenkonto und erhalten Sie alle Parkgeb\u00fchren auf einer monatlichen Rechnung<\/li>\n\n\n\n<li>Firmenkunden profitieren von Mengenrabatten<\/li>\n<\/ul>\n\n<h3 class=\"wp-block-heading\"><strong>Drivers Lounge \u2013 f\u00fcr Komfort konzipiert<\/strong><\/h3>\n\n<p>Unsere brandneue <strong>Drivers Lounge<\/strong> ist der perfekte Ort, um sich w\u00e4hrend Ihrer Pause zu entspannen. Genie\u00dfen Sie <strong>kostenlosen Kaffee<\/strong>, nutzen Sie unsere <strong>K\u00fccheneinrichtungen<\/strong> oder entspannen Sie einfach in einer sauberen und komfortablen Umgebung. <\/p>\n\n<p>Wir bieten auch <strong>kostenloses WLAN<\/strong> sowie <strong>neue, moderne Toiletten und Duschen<\/strong>, die Fahrern alles bieten, was sie f\u00fcr einen sicheren und komfortablen Stopp ben\u00f6tigen.<\/p>\n\n<h3 class=\"wp-block-heading\"><strong>\u00dcber Drivers First Security Parking \u2013 Wo Sicherheit an erster Stelle steht<\/strong><\/h3>\n\n<p>Drivers First ist ein schnell wachsender Anbieter von sicheren Lkw-Parkpl\u00e4tzen in Schweden und der nordischen Region. Wir konzentrieren uns auf maximale Sicherheit, Komfort und Bequemlichkeit \u2013 und bieten moderne Einrichtungen, Fahrerlounges und kostenloses WLAN, damit sich Berufskraftfahrer w\u00e4hrend ihrer Ruhezeiten wirklich entspannen k\u00f6nnen.  <\/p>\n\n<h3 class=\"wp-block-heading\"><strong>Preise<\/strong><\/h3>\n\n<p>Die Tagess\u00e4tze an unserem Standort in Eskilstuna beginnen bei <strong>100 SEK (\u22489 EUR)<\/strong> exkl. MwSt., wobei f\u00fcr Unternehmenskunden zus\u00e4tzliche Einsparungen m\u00f6glich sind. <\/p>\n\n<p>Einige Bilder vom Standort Eskilstuna unten:<\/p>\n\n<figure class=\"wp-block-gallery has-nested-images columns-default is-cropped wp-block-gallery-1 is-layout-flex wp-block-gallery-is-layout-flex\">\n<figure class=\"wp-block-image size-large\"><img decoding=\"async\" data-id=\"5945\" src=\"https:\/\/driversfirst.eu\/wp-content\/uploads\/2025\/12\/IMG_0750-1024x768.jpeg\" alt=\"\" class=\"wp-image-5945\"\/><figcaption class=\"wp-element-caption\">\u00dcbersicht<\/figcaption><\/figure>\n\n\n\n<figure class=\"wp-block-image size-large\"><img decoding=\"async\" width=\"1024\" height=\"768\" data-id=\"5884\" src=\"https:\/\/driversfirst.eu\/wp-content\/uploads\/2025\/12\/IMG_0055-1024x768.jpg\" alt=\"\" class=\"wp-image-5884\" srcset=\"https:\/\/driversfirst.eu\/wp-content\/uploads\/2025\/12\/IMG_0055-1024x768.jpg 1024w, https:\/\/driversfirst.eu\/wp-content\/uploads\/2025\/12\/IMG_0055-300x225.jpg 300w, https:\/\/driversfirst.eu\/wp-content\/uploads\/2025\/12\/IMG_0055-768x576.jpg 768w, https:\/\/driversfirst.eu\/wp-content\/uploads\/2025\/12\/IMG_0055-1536x1152.jpg 1536w, https:\/\/driversfirst.eu\/wp-content\/uploads\/2025\/12\/IMG_0055-2048x1536.jpg 2048w\" sizes=\"(max-width: 1024px) 100vw, 1024px\" \/><figcaption class=\"wp-element-caption\">Lounge mit kostenlosem WLAN<\/figcaption><\/figure>\n\n\n\n<figure class=\"wp-block-image size-large\"><img decoding=\"async\" width=\"768\" height=\"1024\" data-id=\"5857\" src=\"https:\/\/driversfirst.eu\/wp-content\/uploads\/2025\/12\/IMG_0054-1-768x1024.jpg\" alt=\"\" class=\"wp-image-5857\" srcset=\"https:\/\/driversfirst.eu\/wp-content\/uploads\/2025\/12\/IMG_0054-1-768x1024.jpg 768w, https:\/\/driversfirst.eu\/wp-content\/uploads\/2025\/12\/IMG_0054-1-225x300.jpg 225w, https:\/\/driversfirst.eu\/wp-content\/uploads\/2025\/12\/IMG_0054-1-1152x1536.jpg 1152w, https:\/\/driversfirst.eu\/wp-content\/uploads\/2025\/12\/IMG_0054-1-1536x2048.jpg 1536w, https:\/\/driversfirst.eu\/wp-content\/uploads\/2025\/12\/IMG_0054-1-scaled.jpg 1920w\" sizes=\"(max-width: 768px) 100vw, 768px\" \/><\/figure>\n\n\n\n<figure class=\"wp-block-image size-large\"><img loading=\"lazy\" decoding=\"async\" width=\"1024\" height=\"768\" data-id=\"5847\" src=\"https:\/\/driversfirst.eu\/wp-content\/uploads\/2025\/12\/IMG_0053-1-1024x768.jpg\" alt=\"\" class=\"wp-image-5847\" srcset=\"https:\/\/driversfirst.eu\/wp-content\/uploads\/2025\/12\/IMG_0053-1-1024x768.jpg 1024w, https:\/\/driversfirst.eu\/wp-content\/uploads\/2025\/12\/IMG_0053-1-300x225.jpg 300w, https:\/\/driversfirst.eu\/wp-content\/uploads\/2025\/12\/IMG_0053-1-768x576.jpg 768w, https:\/\/driversfirst.eu\/wp-content\/uploads\/2025\/12\/IMG_0053-1-1536x1152.jpg 1536w, https:\/\/driversfirst.eu\/wp-content\/uploads\/2025\/12\/IMG_0053-1-2048x1536.jpg 2048w\" sizes=\"(max-width: 1024px) 100vw, 1024px\" \/><figcaption class=\"wp-element-caption\">K\u00fcche &#8211; Kaffeemaschine<\/figcaption><\/figure>\n\n\n\n<figure class=\"wp-block-image size-large\"><img loading=\"lazy\" decoding=\"async\" width=\"768\" height=\"1024\" data-id=\"5917\" src=\"https:\/\/driversfirst.eu\/wp-content\/uploads\/2025\/12\/IMG_0752-768x1024.jpeg\" alt=\"\" class=\"wp-image-5917\" srcset=\"https:\/\/driversfirst.eu\/wp-content\/uploads\/2025\/12\/IMG_0752-768x1024.jpeg 768w, https:\/\/driversfirst.eu\/wp-content\/uploads\/2025\/12\/IMG_0752-225x300.jpeg 225w, https:\/\/driversfirst.eu\/wp-content\/uploads\/2025\/12\/IMG_0752-1152x1536.jpeg 1152w, https:\/\/driversfirst.eu\/wp-content\/uploads\/2025\/12\/IMG_0752-1536x2048.jpeg 1536w, https:\/\/driversfirst.eu\/wp-content\/uploads\/2025\/12\/IMG_0752-scaled.jpeg 1920w\" sizes=\"(max-width: 768px) 100vw, 768px\" \/><\/figure>\n\n\n\n<figure class=\"wp-block-image size-large\"><img loading=\"lazy\" decoding=\"async\" width=\"1024\" height=\"768\" data-id=\"5931\" src=\"https:\/\/driversfirst.eu\/wp-content\/uploads\/2025\/12\/IMG_0749-1024x768.jpeg\" alt=\"\" class=\"wp-image-5931\" srcset=\"https:\/\/driversfirst.eu\/wp-content\/uploads\/2025\/12\/IMG_0749-1024x768.jpeg 1024w, https:\/\/driversfirst.eu\/wp-content\/uploads\/2025\/12\/IMG_0749-300x225.jpeg 300w, https:\/\/driversfirst.eu\/wp-content\/uploads\/2025\/12\/IMG_0749-768x576.jpeg 768w, https:\/\/driversfirst.eu\/wp-content\/uploads\/2025\/12\/IMG_0749-1536x1152.jpeg 1536w, https:\/\/driversfirst.eu\/wp-content\/uploads\/2025\/12\/IMG_0749-2048x1536.jpeg 2048w\" sizes=\"(max-width: 1024px) 100vw, 1024px\" \/><figcaption class=\"wp-element-caption\">Er\u00f6ffnungszeremonie<\/figcaption><\/figure>\n\n\n\n<figure class=\"wp-block-image size-large\"><img loading=\"lazy\" decoding=\"async\" width=\"1024\" height=\"768\" data-id=\"5869\" src=\"https:\/\/driversfirst.eu\/wp-content\/uploads\/2025\/12\/IMG_0057-1024x768.jpg\" alt=\"\" class=\"wp-image-5869\" srcset=\"https:\/\/driversfirst.eu\/wp-content\/uploads\/2025\/12\/IMG_0057-1024x768.jpg 1024w, https:\/\/driversfirst.eu\/wp-content\/uploads\/2025\/12\/IMG_0057-300x225.jpg 300w, https:\/\/driversfirst.eu\/wp-content\/uploads\/2025\/12\/IMG_0057-768x576.jpg 768w, https:\/\/driversfirst.eu\/wp-content\/uploads\/2025\/12\/IMG_0057-1536x1152.jpg 1536w, https:\/\/driversfirst.eu\/wp-content\/uploads\/2025\/12\/IMG_0057-2048x1536.jpg 2048w\" sizes=\"(max-width: 1024px) 100vw, 1024px\" \/><figcaption class=\"wp-element-caption\">Gesch\u00e4ft in der N\u00e4he des Parkplatzes<\/figcaption><\/figure>\n<\/figure>\n","protected":false},"excerpt":{"rendered":"<p>Drivers First Security Parking expandiert in Schweden \u2013 und wir freuen uns, Sie begr\u00fc\u00dfen zu d\u00fcrfen.Zus\u00e4tzlich zu unserem Standort in J\u00f6nk\u00f6ping er\u00f6ffnen wir nun einen brandneuen, sicheren Lkw-Parkplatz in Eskilstuna, wobei Malm\u00f6 kurz darauf folgen wird. Unser Standort in Eskilstuna wird heute, am 11. Dezember, er\u00f6ffnet \u2013 und Sie k\u00f6nnen Ihren Platz bereits jetzt vorbuchen. [&hellip;]<\/p>\n","protected":false},"author":1,"featured_media":5907,"comment_status":"closed","ping_status":"open","sticky":false,"template":"","format":"standard","meta":{"inline_featured_image":false,"footnotes":""},"categories":[19],"tags":[],"class_list":["post-6448","post","type-post","status-publish","format-standard","has-post-thumbnail","hentry","category-nicht-kategorisiert"],"yoast_head":"<!-- This site is optimized with the Yoast SEO plugin v27.4 - https:\/\/yoast.com\/product\/yoast-seo-wordpress\/ -->\n<title>Wir haben in Eskilstuna ge\u00f6ffnet! - Drivers First Security Parking<\/title>\n<meta name=\"robots\" content=\"index, follow, max-snippet:-1, max-image-preview:large, max-video-preview:-1\" \/>\n<link rel=\"canonical\" href=\"https:\/\/driversfirst.eu\/de\/news\/wir-haben-in-eskilstuna-geoeffnet\/\" \/>\n<meta property=\"og:locale\" content=\"de_DE\" \/>\n<meta property=\"og:type\" content=\"article\" \/>\n<meta property=\"og:title\" content=\"Wir haben in Eskilstuna ge\u00f6ffnet! - Drivers First Security Parking\" \/>\n<meta property=\"og:description\" content=\"Drivers First Security Parking expandiert in Schweden \u2013 und wir freuen uns, Sie begr\u00fc\u00dfen zu d\u00fcrfen.Zus\u00e4tzlich zu unserem Standort in J\u00f6nk\u00f6ping er\u00f6ffnen wir nun einen brandneuen, sicheren Lkw-Parkplatz in Eskilstuna, wobei Malm\u00f6 kurz darauf folgen wird. Unser Standort in Eskilstuna wird heute, am 11. Dezember, er\u00f6ffnet \u2013 und Sie k\u00f6nnen Ihren Platz bereits jetzt vorbuchen. [&hellip;]\" \/>\n<meta property=\"og:url\" content=\"https:\/\/driversfirst.eu\/de\/news\/wir-haben-in-eskilstuna-geoeffnet\/\" \/>\n<meta property=\"og:site_name\" content=\"Drivers First Security Parking\" \/>\n<meta property=\"article:publisher\" content=\"https:\/\/www.facebook.com\/p\/Drivers-First-61558688551720\/\" \/>\n<meta property=\"article:published_time\" content=\"2025-12-11T17:59:26+00:00\" \/>\n<meta property=\"article:modified_time\" content=\"2025-12-12T19:41:25+00:00\" \/>\n<meta property=\"og:image\" content=\"https:\/\/driversfirst.eu\/wp-content\/uploads\/2025\/12\/IMG_0748-scaled.jpeg\" \/>\n\t<meta property=\"og:image:width\" content=\"2560\" \/>\n\t<meta property=\"og:image:height\" content=\"1920\" \/>\n\t<meta property=\"og:image:type\" content=\"image\/jpeg\" \/>\n<meta name=\"author\" content=\"admin\" \/>\n<meta name=\"twitter:card\" content=\"summary_large_image\" \/>\n<meta name=\"twitter:label1\" content=\"Verfasst von\" \/>\n\t<meta name=\"twitter:data1\" content=\"admin\" \/>\n\t<meta name=\"twitter:label2\" content=\"Gesch\u00e4tzte Lesezeit\" \/>\n\t<meta name=\"twitter:data2\" content=\"2\u00a0Minute\" \/>\n<script type=\"application\/ld+json\" class=\"yoast-schema-graph\">{\"@context\":\"https:\\\/\\\/schema.org\",\"@graph\":[{\"@type\":\"Article\",\"@id\":\"https:\\\/\\\/driversfirst.eu\\\/de\\\/news\\\/wir-haben-in-eskilstuna-geoeffnet\\\/#article\",\"isPartOf\":{\"@id\":\"https:\\\/\\\/driversfirst.eu\\\/de\\\/news\\\/wir-haben-in-eskilstuna-geoeffnet\\\/\"},\"author\":{\"name\":\"admin\",\"@id\":\"https:\\\/\\\/driversfirst.eu\\\/de\\\/#\\\/schema\\\/person\\\/89d2a52520d5fabd0ca0927348ee6dd0\"},\"headline\":\"Wir haben in Eskilstuna ge\u00f6ffnet!\",\"datePublished\":\"2025-12-11T17:59:26+00:00\",\"dateModified\":\"2025-12-12T19:41:25+00:00\",\"mainEntityOfPage\":{\"@id\":\"https:\\\/\\\/driversfirst.eu\\\/de\\\/news\\\/wir-haben-in-eskilstuna-geoeffnet\\\/\"},\"wordCount\":311,\"publisher\":{\"@id\":\"https:\\\/\\\/driversfirst.eu\\\/de\\\/#organization\"},\"image\":{\"@id\":\"https:\\\/\\\/driversfirst.eu\\\/de\\\/news\\\/wir-haben-in-eskilstuna-geoeffnet\\\/#primaryimage\"},\"thumbnailUrl\":\"https:\\\/\\\/driversfirst.eu\\\/wp-content\\\/uploads\\\/2025\\\/12\\\/IMG_0748-scaled.jpeg\",\"articleSection\":[\"Nicht kategorisiert\"],\"inLanguage\":\"de\"},{\"@type\":\"WebPage\",\"@id\":\"https:\\\/\\\/driversfirst.eu\\\/de\\\/news\\\/wir-haben-in-eskilstuna-geoeffnet\\\/\",\"url\":\"https:\\\/\\\/driversfirst.eu\\\/de\\\/news\\\/wir-haben-in-eskilstuna-geoeffnet\\\/\",\"name\":\"Wir haben in Eskilstuna ge\u00f6ffnet! - Drivers First Security Parking\",\"isPartOf\":{\"@id\":\"https:\\\/\\\/driversfirst.eu\\\/de\\\/#website\"},\"primaryImageOfPage\":{\"@id\":\"https:\\\/\\\/driversfirst.eu\\\/de\\\/news\\\/wir-haben-in-eskilstuna-geoeffnet\\\/#primaryimage\"},\"image\":{\"@id\":\"https:\\\/\\\/driversfirst.eu\\\/de\\\/news\\\/wir-haben-in-eskilstuna-geoeffnet\\\/#primaryimage\"},\"thumbnailUrl\":\"https:\\\/\\\/driversfirst.eu\\\/wp-content\\\/uploads\\\/2025\\\/12\\\/IMG_0748-scaled.jpeg\",\"datePublished\":\"2025-12-11T17:59:26+00:00\",\"dateModified\":\"2025-12-12T19:41:25+00:00\",\"breadcrumb\":{\"@id\":\"https:\\\/\\\/driversfirst.eu\\\/de\\\/news\\\/wir-haben-in-eskilstuna-geoeffnet\\\/#breadcrumb\"},\"inLanguage\":\"de\",\"potentialAction\":[{\"@type\":\"ReadAction\",\"target\":[\"https:\\\/\\\/driversfirst.eu\\\/de\\\/news\\\/wir-haben-in-eskilstuna-geoeffnet\\\/\"]}]},{\"@type\":\"ImageObject\",\"inLanguage\":\"de\",\"@id\":\"https:\\\/\\\/driversfirst.eu\\\/de\\\/news\\\/wir-haben-in-eskilstuna-geoeffnet\\\/#primaryimage\",\"url\":\"https:\\\/\\\/driversfirst.eu\\\/wp-content\\\/uploads\\\/2025\\\/12\\\/IMG_0748-scaled.jpeg\",\"contentUrl\":\"https:\\\/\\\/driversfirst.eu\\\/wp-content\\\/uploads\\\/2025\\\/12\\\/IMG_0748-scaled.jpeg\",\"width\":2560,\"height\":1920},{\"@type\":\"BreadcrumbList\",\"@id\":\"https:\\\/\\\/driversfirst.eu\\\/de\\\/news\\\/wir-haben-in-eskilstuna-geoeffnet\\\/#breadcrumb\",\"itemListElement\":[{\"@type\":\"ListItem\",\"position\":1,\"name\":\"Startseite\",\"item\":\"https:\\\/\\\/driversfirst.eu\\\/de\\\/\"},{\"@type\":\"ListItem\",\"position\":2,\"name\":\"Wir haben in Eskilstuna ge\u00f6ffnet!\"}]},{\"@type\":\"WebSite\",\"@id\":\"https:\\\/\\\/driversfirst.eu\\\/de\\\/#website\",\"url\":\"https:\\\/\\\/driversfirst.eu\\\/de\\\/\",\"name\":\"Drivers First Security Parking\",\"description\":\"Secure full service truck stops\",\"publisher\":{\"@id\":\"https:\\\/\\\/driversfirst.eu\\\/de\\\/#organization\"},\"potentialAction\":[{\"@type\":\"SearchAction\",\"target\":{\"@type\":\"EntryPoint\",\"urlTemplate\":\"https:\\\/\\\/driversfirst.eu\\\/de\\\/?s={search_term_string}\"},\"query-input\":{\"@type\":\"PropertyValueSpecification\",\"valueRequired\":true,\"valueName\":\"search_term_string\"}}],\"inLanguage\":\"de\"},{\"@type\":\"Organization\",\"@id\":\"https:\\\/\\\/driversfirst.eu\\\/de\\\/#organization\",\"name\":\"Drivers First Security Parking\",\"alternateName\":\"Drivers first\",\"url\":\"https:\\\/\\\/driversfirst.eu\\\/de\\\/\",\"logo\":{\"@type\":\"ImageObject\",\"inLanguage\":\"de\",\"@id\":\"https:\\\/\\\/driversfirst.eu\\\/de\\\/#\\\/schema\\\/logo\\\/image\\\/\",\"url\":\"https:\\\/\\\/driversfirst.eu\\\/wp-content\\\/uploads\\\/2025\\\/08\\\/drivers-first-security-parking-scaled.png\",\"contentUrl\":\"https:\\\/\\\/driversfirst.eu\\\/wp-content\\\/uploads\\\/2025\\\/08\\\/drivers-first-security-parking-scaled.png\",\"width\":2560,\"height\":490,\"caption\":\"Drivers First Security Parking\"},\"image\":{\"@id\":\"https:\\\/\\\/driversfirst.eu\\\/de\\\/#\\\/schema\\\/logo\\\/image\\\/\"},\"sameAs\":[\"https:\\\/\\\/www.facebook.com\\\/p\\\/Drivers-First-61558688551720\\\/\",\"https:\\\/\\\/www.linkedin.com\\\/company\\\/driversfirst\"]},{\"@type\":\"Person\",\"@id\":\"https:\\\/\\\/driversfirst.eu\\\/de\\\/#\\\/schema\\\/person\\\/89d2a52520d5fabd0ca0927348ee6dd0\",\"name\":\"admin\",\"image\":{\"@type\":\"ImageObject\",\"inLanguage\":\"de\",\"@id\":\"https:\\\/\\\/secure.gravatar.com\\\/avatar\\\/f570c8ee5492a8a1bd00d4eae858059eefc640db248e399d9394e0731b1504bf?s=96&d=mm&r=g\",\"url\":\"https:\\\/\\\/secure.gravatar.com\\\/avatar\\\/f570c8ee5492a8a1bd00d4eae858059eefc640db248e399d9394e0731b1504bf?s=96&d=mm&r=g\",\"contentUrl\":\"https:\\\/\\\/secure.gravatar.com\\\/avatar\\\/f570c8ee5492a8a1bd00d4eae858059eefc640db248e399d9394e0731b1504bf?s=96&d=mm&r=g\",\"caption\":\"admin\"},\"sameAs\":[\"https:\\\/\\\/driversfirst.eu\"]}]}<\/script>\n<!-- \/ Yoast SEO plugin. -->","yoast_head_json":{"title":"Wir haben in Eskilstuna ge\u00f6ffnet! - Drivers First Security Parking","robots":{"index":"index","follow":"follow","max-snippet":"max-snippet:-1","max-image-preview":"max-image-preview:large","max-video-preview":"max-video-preview:-1"},"canonical":"https:\/\/driversfirst.eu\/de\/news\/wir-haben-in-eskilstuna-geoeffnet\/","og_locale":"de_DE","og_type":"article","og_title":"Wir haben in Eskilstuna ge\u00f6ffnet! - Drivers First Security Parking","og_description":"Drivers First Security Parking expandiert in Schweden \u2013 und wir freuen uns, Sie begr\u00fc\u00dfen zu d\u00fcrfen.Zus\u00e4tzlich zu unserem Standort in J\u00f6nk\u00f6ping er\u00f6ffnen wir nun einen brandneuen, sicheren Lkw-Parkplatz in Eskilstuna, wobei Malm\u00f6 kurz darauf folgen wird. Unser Standort in Eskilstuna wird heute, am 11. Dezember, er\u00f6ffnet \u2013 und Sie k\u00f6nnen Ihren Platz bereits jetzt vorbuchen. [&hellip;]","og_url":"https:\/\/driversfirst.eu\/de\/news\/wir-haben-in-eskilstuna-geoeffnet\/","og_site_name":"Drivers First Security Parking","article_publisher":"https:\/\/www.facebook.com\/p\/Drivers-First-61558688551720\/","article_published_time":"2025-12-11T17:59:26+00:00","article_modified_time":"2025-12-12T19:41:25+00:00","og_image":[{"width":2560,"height":1920,"url":"https:\/\/driversfirst.eu\/wp-content\/uploads\/2025\/12\/IMG_0748-scaled.jpeg","type":"image\/jpeg"}],"author":"admin","twitter_card":"summary_large_image","twitter_misc":{"Verfasst von":"admin","Gesch\u00e4tzte Lesezeit":"2\u00a0Minute"},"schema":{"@context":"https:\/\/schema.org","@graph":[{"@type":"Article","@id":"https:\/\/driversfirst.eu\/de\/news\/wir-haben-in-eskilstuna-geoeffnet\/#article","isPartOf":{"@id":"https:\/\/driversfirst.eu\/de\/news\/wir-haben-in-eskilstuna-geoeffnet\/"},"author":{"name":"admin","@id":"https:\/\/driversfirst.eu\/de\/#\/schema\/person\/89d2a52520d5fabd0ca0927348ee6dd0"},"headline":"Wir haben in Eskilstuna ge\u00f6ffnet!","datePublished":"2025-12-11T17:59:26+00:00","dateModified":"2025-12-12T19:41:25+00:00","mainEntityOfPage":{"@id":"https:\/\/driversfirst.eu\/de\/news\/wir-haben-in-eskilstuna-geoeffnet\/"},"wordCount":311,"publisher":{"@id":"https:\/\/driversfirst.eu\/de\/#organization"},"image":{"@id":"https:\/\/driversfirst.eu\/de\/news\/wir-haben-in-eskilstuna-geoeffnet\/#primaryimage"},"thumbnailUrl":"https:\/\/driversfirst.eu\/wp-content\/uploads\/2025\/12\/IMG_0748-scaled.jpeg","articleSection":["Nicht kategorisiert"],"inLanguage":"de"},{"@type":"WebPage","@id":"https:\/\/driversfirst.eu\/de\/news\/wir-haben-in-eskilstuna-geoeffnet\/","url":"https:\/\/driversfirst.eu\/de\/news\/wir-haben-in-eskilstuna-geoeffnet\/","name":"Wir haben in Eskilstuna ge\u00f6ffnet! - Drivers First Security Parking","isPartOf":{"@id":"https:\/\/driversfirst.eu\/de\/#website"},"primaryImageOfPage":{"@id":"https:\/\/driversfirst.eu\/de\/news\/wir-haben-in-eskilstuna-geoeffnet\/#primaryimage"},"image":{"@id":"https:\/\/driversfirst.eu\/de\/news\/wir-haben-in-eskilstuna-geoeffnet\/#primaryimage"},"thumbnailUrl":"https:\/\/driversfirst.eu\/wp-content\/uploads\/2025\/12\/IMG_0748-scaled.jpeg","datePublished":"2025-12-11T17:59:26+00:00","dateModified":"2025-12-12T19:41:25+00:00","breadcrumb":{"@id":"https:\/\/driversfirst.eu\/de\/news\/wir-haben-in-eskilstuna-geoeffnet\/#breadcrumb"},"inLanguage":"de","potentialAction":[{"@type":"ReadAction","target":["https:\/\/driversfirst.eu\/de\/news\/wir-haben-in-eskilstuna-geoeffnet\/"]}]},{"@type":"ImageObject","inLanguage":"de","@id":"https:\/\/driversfirst.eu\/de\/news\/wir-haben-in-eskilstuna-geoeffnet\/#primaryimage","url":"https:\/\/driversfirst.eu\/wp-content\/uploads\/2025\/12\/IMG_0748-scaled.jpeg","contentUrl":"https:\/\/driversfirst.eu\/wp-content\/uploads\/2025\/12\/IMG_0748-scaled.jpeg","width":2560,"height":1920},{"@type":"BreadcrumbList","@id":"https:\/\/driversfirst.eu\/de\/news\/wir-haben-in-eskilstuna-geoeffnet\/#breadcrumb","itemListElement":[{"@type":"ListItem","position":1,"name":"Startseite","item":"https:\/\/driversfirst.eu\/de\/"},{"@type":"ListItem","position":2,"name":"Wir haben in Eskilstuna ge\u00f6ffnet!"}]},{"@type":"WebSite","@id":"https:\/\/driversfirst.eu\/de\/#website","url":"https:\/\/driversfirst.eu\/de\/","name":"Drivers First Security Parking","description":"Secure full service truck stops","publisher":{"@id":"https:\/\/driversfirst.eu\/de\/#organization"},"potentialAction":[{"@type":"SearchAction","target":{"@type":"EntryPoint","urlTemplate":"https:\/\/driversfirst.eu\/de\/?s={search_term_string}"},"query-input":{"@type":"PropertyValueSpecification","valueRequired":true,"valueName":"search_term_string"}}],"inLanguage":"de"},{"@type":"Organization","@id":"https:\/\/driversfirst.eu\/de\/#organization","name":"Drivers First Security Parking","alternateName":"Drivers first","url":"https:\/\/driversfirst.eu\/de\/","logo":{"@type":"ImageObject","inLanguage":"de","@id":"https:\/\/driversfirst.eu\/de\/#\/schema\/logo\/image\/","url":"https:\/\/driversfirst.eu\/wp-content\/uploads\/2025\/08\/drivers-first-security-parking-scaled.png","contentUrl":"https:\/\/driversfirst.eu\/wp-content\/uploads\/2025\/08\/drivers-first-security-parking-scaled.png","width":2560,"height":490,"caption":"Drivers First Security Parking"},"image":{"@id":"https:\/\/driversfirst.eu\/de\/#\/schema\/logo\/image\/"},"sameAs":["https:\/\/www.facebook.com\/p\/Drivers-First-61558688551720\/","https:\/\/www.linkedin.com\/company\/driversfirst"]},{"@type":"Person","@id":"https:\/\/driversfirst.eu\/de\/#\/schema\/person\/89d2a52520d5fabd0ca0927348ee6dd0","name":"admin","image":{"@type":"ImageObject","inLanguage":"de","@id":"https:\/\/secure.gravatar.com\/avatar\/f570c8ee5492a8a1bd00d4eae858059eefc640db248e399d9394e0731b1504bf?s=96&d=mm&r=g","url":"https:\/\/secure.gravatar.com\/avatar\/f570c8ee5492a8a1bd00d4eae858059eefc640db248e399d9394e0731b1504bf?s=96&d=mm&r=g","contentUrl":"https:\/\/secure.gravatar.com\/avatar\/f570c8ee5492a8a1bd00d4eae858059eefc640db248e399d9394e0731b1504bf?s=96&d=mm&r=g","caption":"admin"},"sameAs":["https:\/\/driversfirst.eu"]}]}},"_links":{"self":[{"href":"https:\/\/driversfirst.eu\/de\/wp-json\/wp\/v2\/posts\/6448","targetHints":{"allow":["GET"]}}],"collection":[{"href":"https:\/\/driversfirst.eu\/de\/wp-json\/wp\/v2\/posts"}],"about":[{"href":"https:\/\/driversfirst.eu\/de\/wp-json\/wp\/v2\/types\/post"}],"author":[{"embeddable":true,"href":"https:\/\/driversfirst.eu\/de\/wp-json\/wp\/v2\/users\/1"}],"replies":[{"embeddable":true,"href":"https:\/\/driversfirst.eu\/de\/wp-json\/wp\/v2\/comments?post=6448"}],"version-history":[{"count":1,"href":"https:\/\/driversfirst.eu\/de\/wp-json\/wp\/v2\/posts\/6448\/revisions"}],"predecessor-version":[{"id":6449,"href":"https:\/\/driversfirst.eu\/de\/wp-json\/wp\/v2\/posts\/6448\/revisions\/6449"}],"wp:featuredmedia":[{"embeddable":true,"href":"https:\/\/driversfirst.eu\/de\/wp-json\/wp\/v2\/media\/5907"}],"wp:attachment":[{"href":"https:\/\/driversfirst.eu\/de\/wp-json\/wp\/v2\/media?parent=6448"}],"wp:term":[{"taxonomy":"category","embeddable":true,"href":"https:\/\/driversfirst.eu\/de\/wp-json\/wp\/v2\/categories?post=6448"},{"taxonomy":"post_tag","embeddable":true,"href":"https:\/\/driversfirst.eu\/de\/wp-json\/wp\/v2\/tags?post=6448"}],"curies":[{"name":"wp","href":"https:\/\/api.w.org\/{rel}","templated":true}]}}