{"id":13404,"date":"2026-09-01T08:00:00","date_gmt":"2026-09-01T06:00:00","guid":{"rendered":"https:\/\/driversfirst.eu\/news\/jetzt-startklar-service-waehrend-der-ruhezeiten-in-malmoe-und-eskilstuna-verfuegbar\/"},"modified":"2026-09-01T08:01:44","modified_gmt":"2026-09-01T06:01:44","slug":"jetzt-startklar-service-waehrend-der-ruhezeiten-in-malmoe-und-eskilstuna-verfuegbar","status":"publish","type":"post","link":"https:\/\/driversfirst.eu\/de\/news\/jetzt-startklar-service-waehrend-der-ruhezeiten-in-malmoe-und-eskilstuna-verfuegbar\/","title":{"rendered":"Jetzt startklar: Service w\u00e4hrend der Ruhezeiten in Malm\u00f6 und Eskilstuna verf\u00fcgbar"},"content":{"rendered":"\n<p class=\"wp-block-paragraph\"><strong>Drivers First und Road Mobility Services haben ihren gemeinsamen Service gestartet \u2013 Service und Wartung werden ab sofort vor Ort durchgef\u00fchrt, w\u00e4hrend der Fahrer ruht. Transportunternehmen k\u00f6nnen den Service ab heute buchen. <\/strong><\/p>\n\n<p class=\"wp-block-paragraph\">Der <a href=\"https:\/\/driversfirst.eu\/de\/road-mobility-services\/\" data-type=\"page\" data-id=\"7197\">Service<\/a> ist an Drivers First-Standorten in <strong>Malm\u00f6<\/strong> und <strong>Eskilstuna<\/strong> verf\u00fcgbar. Im Laufe des Jahres kommen weitere Standorte hinzu. <\/p>\n\n<hr class=\"wp-block-separator has-alpha-channel-opacity\"\/>\n\n<h2 class=\"wp-block-heading\">So funktioniert es in der Praxis<\/h2>\n\n<ol class=\"wp-block-list\">\n<li><strong>Rufen Sie<\/strong> <a>+46 75 75 75 909<\/a> (24\/7) an \u2013 vorzugsweise, wenn die \u00dcbernachtung gebucht wird. Sie k\u00f6nnen auch eine E-Mail an <strong><a>EBS@eubrse.com<\/a><\/strong> senden. <\/li>\n\n\n\n<li><strong>Geben Sie<\/strong> die Fahrzeugdaten an, was erledigt werden muss, und wann Sie am Standort sein werden.<\/li>\n\n\n\n<li>Wir <strong>best\u00e4tigen<\/strong> die Buchung und vereinbaren die Zahlung (Rechnung f\u00fcr Vertragskunden; andernfalls ein Zahlungslink).<\/li>\n\n\n\n<li>Die Arbeiten werden im Parkbereich durchgef\u00fchrt, w\u00e4hrend der Fahrer seine Ruhezeit nimmt, und die Rechnung wird direkt von Road Mobility Services ausgestellt.<\/li>\n<\/ol>\n\n<p class=\"wp-block-paragraph\">W\u00e4hrend der Fahrer in der eingez\u00e4unten und \u00fcberwachten Anlage von Drivers First ruht (mindestens 11 Stunden t\u00e4gliche Ruhezeit, bis zu 45 Stunden w\u00f6chentliche Ruhezeit), kommt Road Mobility Services zum Standort, um Service, Wartung oder kleinere Reparaturen durchzuf\u00fchren.<\/p>\n\n<p class=\"wp-block-paragraph\">Wenn der Fahrer bereit ist, die Fahrt fortzusetzen, ist das Fahrzeug vollst\u00e4ndig gewartet und bereit f\u00fcr die n\u00e4chste Tour.<\/p>\n\n<hr class=\"wp-block-separator has-alpha-channel-opacity\"\/>\n\n<h2 class=\"wp-block-heading\">Was k\u00f6nnen Sie erledigen lassen?<\/h2>\n\n<ul class=\"wp-block-list\">\n<li>Reifendruckkontrollen und Reifenwechsel<\/li>\n\n\n\n<li>Fl\u00fcssigkeitsnachf\u00fcllungen<\/li>\n\n\n\n<li>Reparatur\/Service von Luft- und Hydrauliksystemen<\/li>\n\n\n\n<li>Reparatur\/Service von elektrischen Systemen<\/li>\n\n\n\n<li>Planenreparaturen<\/li>\n\n\n\n<li>Funktionspr\u00fcfungen von Hebezeugen<\/li>\n<\/ul>\n\n<p class=\"wp-block-paragraph\"><em>Weitere Leistungen werden je nach Nachfrage erg\u00e4nzt.<\/em><\/p>\n\n<hr class=\"wp-block-separator has-alpha-channel-opacity\"\/>\n\n<h2 class=\"wp-block-heading\">Vier zentrale Vorteile<\/h2>\n\n<p class=\"wp-block-paragraph\"><strong>Keine zus\u00e4tzliche Ausfallzeit<\/strong> \u2013 der Service erfolgt in der Zeit, in der das Fahrzeug ohnehin geparkt ist<br\/><strong>Keine Fahrten zur Werkstatt<\/strong> \u2013 alle Arbeiten werden vor Ort durchgef\u00fchrt<br\/><strong>Sicherheit f\u00fcr Fahrer und Ladung<\/strong> \u2013 das Fahrzeug bleibt in einer eingez\u00e4unten und \u00fcberwachten Anlage<br\/><strong>Vereinfachte Administration<\/strong> \u2013 Parken und Service werden in einem Schritt gebucht, Road Mobility Services stellt direkt in Rechnung<\/p>\n\n<hr class=\"wp-block-separator has-alpha-channel-opacity\"\/>\n\n<h2 class=\"wp-block-heading\">Was sagen unsere Vertreter?<\/h2>\n\n<blockquote class=\"wp-block-quote is-layout-flow wp-block-quote-is-layout-flow\">\n<p class=\"wp-block-paragraph\"><em>\u201eWir sind jetzt startklar. Das ist der erste Schritt zum Aufbau einer resilienten Transportinfrastruktur \u2013 f\u00fcr unterbrechungsfreie Lieferketten. Ab heute k\u00f6nnen unsere Kunden den Fahrzeugservice in Verbindung mit ihrem Parkaufenthalt buchen \u2013 bei uns, bei Drivers First.\u201c<\/em><br\/><strong>\u2013 Johanna Holm\u00e9n, CCO, Drivers First<\/strong><\/p>\n<\/blockquote>\n\n<blockquote class=\"wp-block-quote is-layout-flow wp-block-quote-is-layout-flow\">\n<p class=\"wp-block-paragraph\"><em>\u201eWir sind vor Ort bei Drivers First. W\u00e4hrend der Fahrer ruht, warten wir das Fahrzeug \u2013 ohne zus\u00e4tzliche Ausfallzeit und ohne unn\u00f6tige Fahrten in eine Werkstatt. Das ist ein Gamechanger f\u00fcr die Transportbranche.\u201c<\/em><br\/><strong>\u2013 Markku Reinikainen, Group COO, Road Mobility Services<\/strong><\/p>\n<\/blockquote>\n\n<hr class=\"wp-block-separator has-alpha-channel-opacity\"\/>\n\n<h2 class=\"wp-block-heading\">Buchen oder Kontakt aufnehmen<\/h2>\n\n<p class=\"wp-block-paragraph\">Kontaktieren Sie uns f\u00fcr eine Buchung oder weitere Informationen:<\/p>\n\n<p class=\"wp-block-paragraph\"><strong>Johanna Holm\u00e9n, CCO, Drivers First<\/strong><br\/>\ud83d\udcde <a>+46 735 39 35 11<\/a><br\/>\ud83d\udce7 <a href=\"mailto:johanna.holmen@driversfirst.eu\">johanna.holmen@driversfirst.eu<\/a><\/p>\n\n<p class=\"wp-block-paragraph\"><strong>Markku Reinikainen, Group COO, Road Mobility Services<\/strong><br\/>\ud83d\udcde <a>+46 72 245 3500<\/a><br\/>\ud83d\udce7 <a href=\"mailto:markku.reinikainen@rmsgroup.se\">markku.reinikainen@rmsgroup.se<\/a><\/p>\n\n<hr class=\"wp-block-separator has-alpha-channel-opacity\"\/>\n\n<h2 class=\"wp-block-heading\">\u00dcber die Unternehmen<\/h2>\n\n<p class=\"wp-block-paragraph\"><strong>Drivers First<\/strong> ist ein schwedisches Unternehmen, das moderne Ruhepl\u00e4tze entwickelt und betreibt \u2013 mit Fokus auf Sicherheit, Komfort und Arbeitsbedingungen f\u00fcr Berufskraftfahrer. Mit sicherem Parken, sauberen Einrichtungen und digitalen L\u00f6sungen schaffen wir ein standardisiertes Modell, das f\u00fcr Fahrer, Transportunternehmen und die Kommunen, in denen wir unsere Standorte aufbauen, einen Unterschied macht. <\/p>\n\n<p class=\"wp-block-paragraph\"><strong>Road Mobility Services<\/strong> ist ein f\u00fchrender nordischer Anbieter von Reifenservices, Pannenhilfe, Fahrzeugbergung, Trailer-Wartung und Werkstattservices f\u00fcr leichte und schwere Fahrzeuge. Mit einem schnell wachsenden Netzwerk in Schweden, Finnland und D\u00e4nemark stellen wir sicher, dass unsere Kunden \u2013 von gro\u00dfen Logistikunternehmen bis hin zu privaten Autofahrern \u2013 ihre R\u00e4der mit minimaler Ausfallzeit stets am Laufen halten k\u00f6nnen. <\/p>\n","protected":false},"excerpt":{"rendered":"<p>Drivers First und Road Mobility Services haben ihren gemeinsamen Service gestartet \u2013 Service und Wartung werden ab sofort vor Ort durchgef\u00fchrt, w\u00e4hrend der Fahrer ruht. Transportunternehmen k\u00f6nnen den Service ab heute buchen. Der Service ist an Drivers First-Standorten in Malm\u00f6 und Eskilstuna verf\u00fcgbar. Im Laufe des Jahres kommen weitere Standorte hinzu. So funktioniert es in [&hellip;]<\/p>\n","protected":false},"author":5,"featured_media":4473,"comment_status":"closed","ping_status":"open","sticky":false,"template":"","format":"standard","meta":{"inline_featured_image":false,"footnotes":""},"categories":[19],"tags":[],"class_list":["post-13404","post","type-post","status-publish","format-standard","has-post-thumbnail","hentry","category-nicht-kategorisiert"],"yoast_head":"<!-- This site is optimized with the Yoast SEO plugin v28.3 - https:\/\/yoast.com\/product\/yoast-seo-wordpress\/ -->\n<title>Jetzt startklar: Service w\u00e4hrend der Ruhezeiten in Malm\u00f6 und Eskilstuna verf\u00fcgbar - Drivers First Security Parking<\/title>\n<meta name=\"robots\" content=\"index, follow, max-snippet:-1, max-image-preview:large, max-video-preview:-1\" \/>\n<link rel=\"canonical\" href=\"https:\/\/driversfirst.eu\/de\/news\/jetzt-startklar-service-waehrend-der-ruhezeiten-in-malmoe-und-eskilstuna-verfuegbar\/\" \/>\n<meta property=\"og:locale\" content=\"de_DE\" \/>\n<meta property=\"og:type\" content=\"article\" \/>\n<meta property=\"og:title\" content=\"Jetzt startklar: Service w\u00e4hrend der Ruhezeiten in Malm\u00f6 und Eskilstuna verf\u00fcgbar - Drivers First Security Parking\" \/>\n<meta property=\"og:description\" content=\"Drivers First und Road Mobility Services haben ihren gemeinsamen Service gestartet \u2013 Service und Wartung werden ab sofort vor Ort durchgef\u00fchrt, w\u00e4hrend der Fahrer ruht. Transportunternehmen k\u00f6nnen den Service ab heute buchen. Der Service ist an Drivers First-Standorten in Malm\u00f6 und Eskilstuna verf\u00fcgbar. Im Laufe des Jahres kommen weitere Standorte hinzu. So funktioniert es in [&hellip;]\" \/>\n<meta property=\"og:url\" content=\"https:\/\/driversfirst.eu\/de\/news\/jetzt-startklar-service-waehrend-der-ruhezeiten-in-malmoe-und-eskilstuna-verfuegbar\/\" \/>\n<meta property=\"og:site_name\" content=\"Drivers First Security Parking\" \/>\n<meta property=\"article:publisher\" content=\"https:\/\/www.facebook.com\/p\/Drivers-First-61558688551720\/\" \/>\n<meta property=\"article:published_time\" content=\"2026-09-01T06:00:00+00:00\" \/>\n<meta property=\"article:modified_time\" content=\"2026-09-01T06:01:44+00:00\" \/>\n<meta name=\"author\" content=\"admin\" \/>\n<meta name=\"twitter:card\" content=\"summary_large_image\" \/>\n<meta name=\"twitter:label1\" content=\"Verfasst von\" \/>\n\t<meta name=\"twitter:data1\" content=\"admin\" \/>\n\t<meta name=\"twitter:label2\" content=\"Gesch\u00e4tzte Lesezeit\" \/>\n\t<meta name=\"twitter:data2\" content=\"3\u00a0Minute\" \/>\n<script type=\"application\/ld+json\" class=\"yoast-schema-graph\">{\"@context\":\"https:\\\/\\\/schema.org\",\"@graph\":[{\"@type\":\"Article\",\"@id\":\"https:\\\/\\\/driversfirst.eu\\\/de\\\/news\\\/jetzt-startklar-service-waehrend-der-ruhezeiten-in-malmoe-und-eskilstuna-verfuegbar\\\/#article\",\"isPartOf\":{\"@id\":\"https:\\\/\\\/driversfirst.eu\\\/de\\\/news\\\/jetzt-startklar-service-waehrend-der-ruhezeiten-in-malmoe-und-eskilstuna-verfuegbar\\\/\"},\"author\":{\"name\":\"admin\",\"@id\":\"https:\\\/\\\/driversfirst.eu\\\/de\\\/#\\\/schema\\\/person\\\/6a4949ce88958aeaaefb15fd02995817\"},\"headline\":\"Jetzt startklar: Service w\u00e4hrend der Ruhezeiten in Malm\u00f6 und Eskilstuna verf\u00fcgbar\",\"datePublished\":\"2026-09-01T06:00:00+00:00\",\"dateModified\":\"2026-09-01T06:01:44+00:00\",\"mainEntityOfPage\":{\"@id\":\"https:\\\/\\\/driversfirst.eu\\\/de\\\/news\\\/jetzt-startklar-service-waehrend-der-ruhezeiten-in-malmoe-und-eskilstuna-verfuegbar\\\/\"},\"wordCount\":553,\"publisher\":{\"@id\":\"https:\\\/\\\/driversfirst.eu\\\/de\\\/#organization\"},\"image\":{\"@id\":\"https:\\\/\\\/driversfirst.eu\\\/de\\\/news\\\/jetzt-startklar-service-waehrend-der-ruhezeiten-in-malmoe-und-eskilstuna-verfuegbar\\\/#primaryimage\"},\"thumbnailUrl\":\"https:\\\/\\\/driversfirst.eu\\\/wp-content\\\/uploads\\\/2025\\\/09\\\/rms.svg\",\"articleSection\":[\"Nicht kategorisiert\"],\"inLanguage\":\"de\"},{\"@type\":\"WebPage\",\"@id\":\"https:\\\/\\\/driversfirst.eu\\\/de\\\/news\\\/jetzt-startklar-service-waehrend-der-ruhezeiten-in-malmoe-und-eskilstuna-verfuegbar\\\/\",\"url\":\"https:\\\/\\\/driversfirst.eu\\\/de\\\/news\\\/jetzt-startklar-service-waehrend-der-ruhezeiten-in-malmoe-und-eskilstuna-verfuegbar\\\/\",\"name\":\"Jetzt startklar: Service w\u00e4hrend der Ruhezeiten in Malm\u00f6 und Eskilstuna verf\u00fcgbar - Drivers First Security Parking\",\"isPartOf\":{\"@id\":\"https:\\\/\\\/driversfirst.eu\\\/de\\\/#website\"},\"primaryImageOfPage\":{\"@id\":\"https:\\\/\\\/driversfirst.eu\\\/de\\\/news\\\/jetzt-startklar-service-waehrend-der-ruhezeiten-in-malmoe-und-eskilstuna-verfuegbar\\\/#primaryimage\"},\"image\":{\"@id\":\"https:\\\/\\\/driversfirst.eu\\\/de\\\/news\\\/jetzt-startklar-service-waehrend-der-ruhezeiten-in-malmoe-und-eskilstuna-verfuegbar\\\/#primaryimage\"},\"thumbnailUrl\":\"https:\\\/\\\/driversfirst.eu\\\/wp-content\\\/uploads\\\/2025\\\/09\\\/rms.svg\",\"datePublished\":\"2026-09-01T06:00:00+00:00\",\"dateModified\":\"2026-09-01T06:01:44+00:00\",\"breadcrumb\":{\"@id\":\"https:\\\/\\\/driversfirst.eu\\\/de\\\/news\\\/jetzt-startklar-service-waehrend-der-ruhezeiten-in-malmoe-und-eskilstuna-verfuegbar\\\/#breadcrumb\"},\"inLanguage\":\"de\",\"potentialAction\":[{\"@type\":\"ReadAction\",\"target\":[\"https:\\\/\\\/driversfirst.eu\\\/de\\\/news\\\/jetzt-startklar-service-waehrend-der-ruhezeiten-in-malmoe-und-eskilstuna-verfuegbar\\\/\"]}]},{\"@type\":\"ImageObject\",\"inLanguage\":\"de\",\"@id\":\"https:\\\/\\\/driversfirst.eu\\\/de\\\/news\\\/jetzt-startklar-service-waehrend-der-ruhezeiten-in-malmoe-und-eskilstuna-verfuegbar\\\/#primaryimage\",\"url\":\"https:\\\/\\\/driversfirst.eu\\\/wp-content\\\/uploads\\\/2025\\\/09\\\/rms.svg\",\"contentUrl\":\"https:\\\/\\\/driversfirst.eu\\\/wp-content\\\/uploads\\\/2025\\\/09\\\/rms.svg\"},{\"@type\":\"BreadcrumbList\",\"@id\":\"https:\\\/\\\/driversfirst.eu\\\/de\\\/news\\\/jetzt-startklar-service-waehrend-der-ruhezeiten-in-malmoe-und-eskilstuna-verfuegbar\\\/#breadcrumb\",\"itemListElement\":[{\"@type\":\"ListItem\",\"position\":1,\"name\":\"Startseite\",\"item\":\"https:\\\/\\\/driversfirst.eu\\\/de\\\/startseite\\\/\"},{\"@type\":\"ListItem\",\"position\":2,\"name\":\"Jetzt startklar: Service w\u00e4hrend der Ruhezeiten in Malm\u00f6 und Eskilstuna verf\u00fcgbar\"}]},{\"@type\":\"WebSite\",\"@id\":\"https:\\\/\\\/driversfirst.eu\\\/de\\\/#website\",\"url\":\"https:\\\/\\\/driversfirst.eu\\\/de\\\/\",\"name\":\"Drivers First Security Parking\",\"description\":\"Secure full service truck stops\",\"publisher\":{\"@id\":\"https:\\\/\\\/driversfirst.eu\\\/de\\\/#organization\"},\"potentialAction\":[{\"@type\":\"SearchAction\",\"target\":{\"@type\":\"EntryPoint\",\"urlTemplate\":\"https:\\\/\\\/driversfirst.eu\\\/de\\\/?s={search_term_string}\"},\"query-input\":{\"@type\":\"PropertyValueSpecification\",\"valueRequired\":true,\"valueName\":\"search_term_string\"}}],\"inLanguage\":\"de\"},{\"@type\":\"Organization\",\"@id\":\"https:\\\/\\\/driversfirst.eu\\\/de\\\/#organization\",\"name\":\"Drivers First Security Parking\",\"alternateName\":\"Drivers first\",\"url\":\"https:\\\/\\\/driversfirst.eu\\\/de\\\/\",\"logo\":{\"@type\":\"ImageObject\",\"inLanguage\":\"de\",\"@id\":\"https:\\\/\\\/driversfirst.eu\\\/de\\\/#\\\/schema\\\/logo\\\/image\\\/\",\"url\":\"https:\\\/\\\/driversfirst.eu\\\/wp-content\\\/uploads\\\/2025\\\/08\\\/drivers-first-security-parking-scaled.png\",\"contentUrl\":\"https:\\\/\\\/driversfirst.eu\\\/wp-content\\\/uploads\\\/2025\\\/08\\\/drivers-first-security-parking-scaled.png\",\"width\":2560,\"height\":490,\"caption\":\"Drivers First Security Parking\"},\"image\":{\"@id\":\"https:\\\/\\\/driversfirst.eu\\\/de\\\/#\\\/schema\\\/logo\\\/image\\\/\"},\"sameAs\":[\"https:\\\/\\\/www.facebook.com\\\/p\\\/Drivers-First-61558688551720\\\/\",\"https:\\\/\\\/www.linkedin.com\\\/company\\\/driversfirst\"]},{\"@type\":\"Person\",\"@id\":\"https:\\\/\\\/driversfirst.eu\\\/de\\\/#\\\/schema\\\/person\\\/6a4949ce88958aeaaefb15fd02995817\",\"name\":\"admin\",\"image\":{\"@type\":\"ImageObject\",\"inLanguage\":\"de\",\"@id\":\"https:\\\/\\\/secure.gravatar.com\\\/avatar\\\/f570c8ee5492a8a1bd00d4eae858059eefc640db248e399d9394e0731b1504bf?s=96&d=mm&r=g\",\"url\":\"https:\\\/\\\/secure.gravatar.com\\\/avatar\\\/f570c8ee5492a8a1bd00d4eae858059eefc640db248e399d9394e0731b1504bf?s=96&d=mm&r=g\",\"contentUrl\":\"https:\\\/\\\/secure.gravatar.com\\\/avatar\\\/f570c8ee5492a8a1bd00d4eae858059eefc640db248e399d9394e0731b1504bf?s=96&d=mm&r=g\",\"caption\":\"admin\"},\"sameAs\":[\"https:\\\/\\\/driversfirst.eu\"]}]}<\/script>\n<!-- \/ Yoast SEO plugin. -->","yoast_head_json":{"title":"Jetzt startklar: Service w\u00e4hrend der Ruhezeiten in Malm\u00f6 und Eskilstuna verf\u00fcgbar - Drivers First Security Parking","robots":{"index":"index","follow":"follow","max-snippet":"max-snippet:-1","max-image-preview":"max-image-preview:large","max-video-preview":"max-video-preview:-1"},"canonical":"https:\/\/driversfirst.eu\/de\/news\/jetzt-startklar-service-waehrend-der-ruhezeiten-in-malmoe-und-eskilstuna-verfuegbar\/","og_locale":"de_DE","og_type":"article","og_title":"Jetzt startklar: Service w\u00e4hrend der Ruhezeiten in Malm\u00f6 und Eskilstuna verf\u00fcgbar - Drivers First Security Parking","og_description":"Drivers First und Road Mobility Services haben ihren gemeinsamen Service gestartet \u2013 Service und Wartung werden ab sofort vor Ort durchgef\u00fchrt, w\u00e4hrend der Fahrer ruht. Transportunternehmen k\u00f6nnen den Service ab heute buchen. Der Service ist an Drivers First-Standorten in Malm\u00f6 und Eskilstuna verf\u00fcgbar. Im Laufe des Jahres kommen weitere Standorte hinzu. So funktioniert es in [&hellip;]","og_url":"https:\/\/driversfirst.eu\/de\/news\/jetzt-startklar-service-waehrend-der-ruhezeiten-in-malmoe-und-eskilstuna-verfuegbar\/","og_site_name":"Drivers First Security Parking","article_publisher":"https:\/\/www.facebook.com\/p\/Drivers-First-61558688551720\/","article_published_time":"2026-09-01T06:00:00+00:00","article_modified_time":"2026-09-01T06:01:44+00:00","author":"admin","twitter_card":"summary_large_image","twitter_misc":{"Verfasst von":"admin","Gesch\u00e4tzte Lesezeit":"3\u00a0Minute"},"schema":{"@context":"https:\/\/schema.org","@graph":[{"@type":"Article","@id":"https:\/\/driversfirst.eu\/de\/news\/jetzt-startklar-service-waehrend-der-ruhezeiten-in-malmoe-und-eskilstuna-verfuegbar\/#article","isPartOf":{"@id":"https:\/\/driversfirst.eu\/de\/news\/jetzt-startklar-service-waehrend-der-ruhezeiten-in-malmoe-und-eskilstuna-verfuegbar\/"},"author":{"name":"admin","@id":"https:\/\/driversfirst.eu\/de\/#\/schema\/person\/6a4949ce88958aeaaefb15fd02995817"},"headline":"Jetzt startklar: Service w\u00e4hrend der Ruhezeiten in Malm\u00f6 und Eskilstuna verf\u00fcgbar","datePublished":"2026-09-01T06:00:00+00:00","dateModified":"2026-09-01T06:01:44+00:00","mainEntityOfPage":{"@id":"https:\/\/driversfirst.eu\/de\/news\/jetzt-startklar-service-waehrend-der-ruhezeiten-in-malmoe-und-eskilstuna-verfuegbar\/"},"wordCount":553,"publisher":{"@id":"https:\/\/driversfirst.eu\/de\/#organization"},"image":{"@id":"https:\/\/driversfirst.eu\/de\/news\/jetzt-startklar-service-waehrend-der-ruhezeiten-in-malmoe-und-eskilstuna-verfuegbar\/#primaryimage"},"thumbnailUrl":"https:\/\/driversfirst.eu\/wp-content\/uploads\/2025\/09\/rms.svg","articleSection":["Nicht kategorisiert"],"inLanguage":"de"},{"@type":"WebPage","@id":"https:\/\/driversfirst.eu\/de\/news\/jetzt-startklar-service-waehrend-der-ruhezeiten-in-malmoe-und-eskilstuna-verfuegbar\/","url":"https:\/\/driversfirst.eu\/de\/news\/jetzt-startklar-service-waehrend-der-ruhezeiten-in-malmoe-und-eskilstuna-verfuegbar\/","name":"Jetzt startklar: Service w\u00e4hrend der Ruhezeiten in Malm\u00f6 und Eskilstuna verf\u00fcgbar - Drivers First Security Parking","isPartOf":{"@id":"https:\/\/driversfirst.eu\/de\/#website"},"primaryImageOfPage":{"@id":"https:\/\/driversfirst.eu\/de\/news\/jetzt-startklar-service-waehrend-der-ruhezeiten-in-malmoe-und-eskilstuna-verfuegbar\/#primaryimage"},"image":{"@id":"https:\/\/driversfirst.eu\/de\/news\/jetzt-startklar-service-waehrend-der-ruhezeiten-in-malmoe-und-eskilstuna-verfuegbar\/#primaryimage"},"thumbnailUrl":"https:\/\/driversfirst.eu\/wp-content\/uploads\/2025\/09\/rms.svg","datePublished":"2026-09-01T06:00:00+00:00","dateModified":"2026-09-01T06:01:44+00:00","breadcrumb":{"@id":"https:\/\/driversfirst.eu\/de\/news\/jetzt-startklar-service-waehrend-der-ruhezeiten-in-malmoe-und-eskilstuna-verfuegbar\/#breadcrumb"},"inLanguage":"de","potentialAction":[{"@type":"ReadAction","target":["https:\/\/driversfirst.eu\/de\/news\/jetzt-startklar-service-waehrend-der-ruhezeiten-in-malmoe-und-eskilstuna-verfuegbar\/"]}]},{"@type":"ImageObject","inLanguage":"de","@id":"https:\/\/driversfirst.eu\/de\/news\/jetzt-startklar-service-waehrend-der-ruhezeiten-in-malmoe-und-eskilstuna-verfuegbar\/#primaryimage","url":"https:\/\/driversfirst.eu\/wp-content\/uploads\/2025\/09\/rms.svg","contentUrl":"https:\/\/driversfirst.eu\/wp-content\/uploads\/2025\/09\/rms.svg"},{"@type":"BreadcrumbList","@id":"https:\/\/driversfirst.eu\/de\/news\/jetzt-startklar-service-waehrend-der-ruhezeiten-in-malmoe-und-eskilstuna-verfuegbar\/#breadcrumb","itemListElement":[{"@type":"ListItem","position":1,"name":"Startseite","item":"https:\/\/driversfirst.eu\/de\/startseite\/"},{"@type":"ListItem","position":2,"name":"Jetzt startklar: Service w\u00e4hrend der Ruhezeiten in Malm\u00f6 und Eskilstuna verf\u00fcgbar"}]},{"@type":"WebSite","@id":"https:\/\/driversfirst.eu\/de\/#website","url":"https:\/\/driversfirst.eu\/de\/","name":"Drivers First Security Parking","description":"Secure full service truck stops","publisher":{"@id":"https:\/\/driversfirst.eu\/de\/#organization"},"potentialAction":[{"@type":"SearchAction","target":{"@type":"EntryPoint","urlTemplate":"https:\/\/driversfirst.eu\/de\/?s={search_term_string}"},"query-input":{"@type":"PropertyValueSpecification","valueRequired":true,"valueName":"search_term_string"}}],"inLanguage":"de"},{"@type":"Organization","@id":"https:\/\/driversfirst.eu\/de\/#organization","name":"Drivers First Security Parking","alternateName":"Drivers first","url":"https:\/\/driversfirst.eu\/de\/","logo":{"@type":"ImageObject","inLanguage":"de","@id":"https:\/\/driversfirst.eu\/de\/#\/schema\/logo\/image\/","url":"https:\/\/driversfirst.eu\/wp-content\/uploads\/2025\/08\/drivers-first-security-parking-scaled.png","contentUrl":"https:\/\/driversfirst.eu\/wp-content\/uploads\/2025\/08\/drivers-first-security-parking-scaled.png","width":2560,"height":490,"caption":"Drivers First Security Parking"},"image":{"@id":"https:\/\/driversfirst.eu\/de\/#\/schema\/logo\/image\/"},"sameAs":["https:\/\/www.facebook.com\/p\/Drivers-First-61558688551720\/","https:\/\/www.linkedin.com\/company\/driversfirst"]},{"@type":"Person","@id":"https:\/\/driversfirst.eu\/de\/#\/schema\/person\/6a4949ce88958aeaaefb15fd02995817","name":"admin","image":{"@type":"ImageObject","inLanguage":"de","@id":"https:\/\/secure.gravatar.com\/avatar\/f570c8ee5492a8a1bd00d4eae858059eefc640db248e399d9394e0731b1504bf?s=96&d=mm&r=g","url":"https:\/\/secure.gravatar.com\/avatar\/f570c8ee5492a8a1bd00d4eae858059eefc640db248e399d9394e0731b1504bf?s=96&d=mm&r=g","contentUrl":"https:\/\/secure.gravatar.com\/avatar\/f570c8ee5492a8a1bd00d4eae858059eefc640db248e399d9394e0731b1504bf?s=96&d=mm&r=g","caption":"admin"},"sameAs":["https:\/\/driversfirst.eu"]}]}},"_links":{"self":[{"href":"https:\/\/driversfirst.eu\/de\/wp-json\/wp\/v2\/posts\/13404","targetHints":{"allow":["GET"]}}],"collection":[{"href":"https:\/\/driversfirst.eu\/de\/wp-json\/wp\/v2\/posts"}],"about":[{"href":"https:\/\/driversfirst.eu\/de\/wp-json\/wp\/v2\/types\/post"}],"author":[{"embeddable":true,"href":"https:\/\/driversfirst.eu\/de\/wp-json\/wp\/v2\/users\/5"}],"replies":[{"embeddable":true,"href":"https:\/\/driversfirst.eu\/de\/wp-json\/wp\/v2\/comments?post=13404"}],"version-history":[{"count":1,"href":"https:\/\/driversfirst.eu\/de\/wp-json\/wp\/v2\/posts\/13404\/revisions"}],"predecessor-version":[{"id":13405,"href":"https:\/\/driversfirst.eu\/de\/wp-json\/wp\/v2\/posts\/13404\/revisions\/13405"}],"wp:featuredmedia":[{"embeddable":true,"href":"https:\/\/driversfirst.eu\/de\/wp-json\/wp\/v2\/media\/4473"}],"wp:attachment":[{"href":"https:\/\/driversfirst.eu\/de\/wp-json\/wp\/v2\/media?parent=13404"}],"wp:term":[{"taxonomy":"category","embeddable":true,"href":"https:\/\/driversfirst.eu\/de\/wp-json\/wp\/v2\/categories?post=13404"},{"taxonomy":"post_tag","embeddable":true,"href":"https:\/\/driversfirst.eu\/de\/wp-json\/wp\/v2\/tags?post=13404"}],"curies":[{"name":"wp","href":"https:\/\/api.w.org\/{rel}","templated":true}]}}